{"id":9666,"date":"2021-07-23T22:04:54","date_gmt":"2021-07-23T21:04:54","guid":{"rendered":"http:\/\/jalle-astro.fr\/wp\/?p=9666"},"modified":"2023-03-04T18:06:12","modified_gmt":"2023-03-04T17:06:12","slug":"nuit-des-etoiles-2021","status":"publish","type":"post","link":"http:\/\/jalle-astro.fr\/wp\/nuit-des-etoiles-2021\/","title":{"rendered":"NUIT DES ETOILES 2021"},"content":{"rendered":"<h3>JALLE ASTRONOMIE vous invite \u00e0 participer aux NUITS DES \u00c9TOILES 2021.<\/h3>\n<p>Nous vous accueillerons sur 3 sites, le vendredi 6 ao\u00fbt en d\u00e9but de nuit \u00e0 St M\u00e9dard-en-Jalles, le samedi 7 ao\u00fbt en apr\u00e8s midi et nuit \u00e0 Martignas et le dimanche 8 ao\u00fbt en apr\u00e8s-midi et nuit \u00e0 Pessac Le Bourgailh.<\/p>\n<p>Cette ann\u00e9e encore, compte tenu des restrictions sanitaires en vigueur, nous ne pourrons pas assurer une manifestation tout \u00e0 fait \u00ab\u00a0normale\u00a0\u00bb. Il faudra donc s\u2019assurer au cas par cas des conditions d\u2019acc\u00e8s aux divers sites et des modalit\u00e9s propres s\u2019appliquant aux diverses animations. Nous vous donnerons sur le site web JALLE ASTRONOMIE les consignes \u00e0 respecter mises \u00e0 jour en fonction de l\u2019\u00e9volution des obligations et recommandations l\u00e9gales.<br \/>\nD\u2019un point de vue global pour limiter le risque de contaminations de contact, Jalle Astronomie n\u2019assurera pas d\u2019observation du ciel de mani\u00e8re individuelle, mais projettera sur \u00e9cran des images du ciel diffus\u00e9es en direct gr\u00e2ce \u00e0 des capteurs sp\u00e9ciaux mont\u00e9s sur les t\u00e9lescopes ou les lunettes des membres de Jalle Astronomie.<br \/>\n<span style=\"color: #ff0000;\"> <strong>Le port du masque sera obligatoire pour l\u2019ensemble des animations, except\u00e9 pour les enfants de moins de 11ans.<\/strong><\/span><br \/>\n<strong>Nous en appelons \u00e0 la responsabilit\u00e9 de toutes et tous de respecter ces mesures afin que ces manifestations demeurent des moments de partage.<\/strong><\/p>\n<h4>AGENDA DES ANIMATIONS<\/h4>\n<h4><span style=\"font-size: 14pt;\"># Vendredi 6 ao\u00fbt sur le site de la plaine des Sports des Biges \u00e0 ST M\u00e9dard-en-Jalles, \u00e0 partir de 21h00, avec les activit\u00e9s suivantes :<\/span><\/h4>\n<ul>\n<li style=\"list-style-type: none;\">\n<ul>\n<li>Observation nocturne du ciel (Jupiter, Saturne, amas d\u2019\u00e9toiles, \u2026)<\/li>\n<li>\u00a0Animations par l\u2019Association Ecosite du Bourgailh avec divers stands: Insectes Nocturnes, D\u00e9couverte des Chauves-Souris, sensibilisation \u00e0 la lutte contre la prolif\u00e9ration du moustique Tigre.<\/li>\n<\/ul>\n<\/li>\n<\/ul>\n<p><span style=\"color: #ff0000;\"> <strong>la jauge d\u2019acc\u00e8s des visiteurs sur site est limit\u00e9e \u00e0 49 personnes.<\/strong><\/span><\/p>\n<p># Samedi 7 ao\u00fbt sur le site parc des Sports et Loisirs Colette Besson \u00e0 Martignas sur Jalle, en apr\u00e8s-midi \u00e0 partir de 14h30 pour les ateliers enfants, puis le soir \u00e0 partir de 21 h pour les observations du ciel et les animations nature :<\/p>\n<ul>\n<li style=\"list-style-type: none;\">\n<ul>\n<li>Ateliers enfants \u00ab Fus\u00e9es \u00e0 comprim\u00e9s effervescents \u00bb (4-6 ans), Fus\u00e9es \u00e0 eau (7-12 ans), Constellation 3D (7-9 ans). Ces ateliers seront organis\u00e9s par cr\u00e9neaux de 30 mn chacun, avec 8 enfants par atelier, les billets d\u2019acc\u00e8s \u00e9tant d\u00e9livr\u00e9s \u00e0 l\u2019accueil 15 mn avant chaque atelier. Seul l\u2019atelier \u2018\u2019Fus\u00e9es \u00e0 comprim\u00e9s effervescents\u2019\u2019 pourra accueillir des parents accompagnants.<\/li>\n<\/ul>\n<\/li>\n<\/ul>\n<p><a href=\"http:\/\/jalle-astro.fr\/wp\/wp-content\/uploads\/2021\/07\/image-fusee-a-eau-r.png\"><img loading=\"lazy\" decoding=\"async\" class=\"aligncenter size-full wp-image-9697\" src=\"http:\/\/jalle-astro.fr\/wp\/wp-content\/uploads\/2021\/07\/image-fusee-a-eau-r.png\" alt=\"\" width=\"640\" height=\"356\" srcset=\"http:\/\/jalle-astro.fr\/wp\/wp-content\/uploads\/2021\/07\/image-fusee-a-eau-r.png 640w, http:\/\/jalle-astro.fr\/wp\/wp-content\/uploads\/2021\/07\/image-fusee-a-eau-r-620x345.png 620w\" sizes=\"auto, (max-width: 640px) 100vw, 640px\" \/><\/a><\/p>\n<ul>\n<li>Observation Solaire, avec visualisation du soleil sur \u00e9cran.<\/li>\n<li>pr\u00e9sentation du projet SOCA d&rsquo;un nano-satellite<br \/>\n<a href=\"http:\/\/jalle-astro.fr\/wp\/wp-content\/uploads\/2021\/07\/21-08-07-NDE-Martignas_projet-SOCA.png\"><img loading=\"lazy\" decoding=\"async\" class=\"aligncenter size-full wp-image-9698\" src=\"http:\/\/jalle-astro.fr\/wp\/wp-content\/uploads\/2021\/07\/21-08-07-NDE-Martignas_projet-SOCA.png\" alt=\"\" width=\"1011\" height=\"288\" srcset=\"http:\/\/jalle-astro.fr\/wp\/wp-content\/uploads\/2021\/07\/21-08-07-NDE-Martignas_projet-SOCA.png 1011w, http:\/\/jalle-astro.fr\/wp\/wp-content\/uploads\/2021\/07\/21-08-07-NDE-Martignas_projet-SOCA-620x177.png 620w, http:\/\/jalle-astro.fr\/wp\/wp-content\/uploads\/2021\/07\/21-08-07-NDE-Martignas_projet-SOCA-920x262.png 920w, http:\/\/jalle-astro.fr\/wp\/wp-content\/uploads\/2021\/07\/21-08-07-NDE-Martignas_projet-SOCA-768x219.png 768w\" sizes=\"auto, (max-width: 1011px) 100vw, 1011px\" \/><\/a><\/li>\n<li>Observation nocturne (Jupiter, Saturne, amas d\u2019\u00e9toiles, \u2026) \u00e0 partir de 21 h.<\/li>\n<li>Animation nature par l\u2019Association Ecosite du Bourgailh.<\/li>\n<li><span style=\"color: #ff0000;\"> <strong>la jauge d\u2019acc\u00e8s des visiteurs sur site est limit\u00e9e \u00e0 49 personnes.<\/strong><\/span><\/li>\n<\/ul>\n<p><strong># Dimanche 8 ao\u00fbt \u00e0 l\u2019Ecosite du Bourgailh \u00e0 Pessac, en apr\u00e8s-midi \u00e0 partir de 14h pour les animations enfants puis le soir \u00e0 partir de 21h pour les observations du ciel et les animations nature.<\/strong><br \/>\nPour le d\u00e9tail des animations et sa programmation, nous vous remercions de consulter le <strong><a href=\"http:\/\/www.bourgailh-pessac.fr\/evenements-2020-2\/\" target=\"_blank\" rel=\"noopener\">site web de l\u2019Association Ecosite du Bourgailh<\/a><\/strong>.<\/p>\n<p>Comme indiqu\u00e9 au d\u00e9but de cette annonce, nous vous recommandons de vous rendre r\u00e9guli\u00e8rement sur le site web de Jalle Astronomie pour vous assurer des derni\u00e8res conditions particuli\u00e8res d\u2019acc\u00e8s, en fonction de l\u2019\u00e9volution des conditions r\u00e8glementaires. Merci pour votre compr\u00e9hension.<\/p>\n<blockquote><p>C\u2019est avec un tr\u00e8s grand plaisir que les membres de JALLE ASTRONOMIE vous accueilleront lors de ces 3 NUITS DES ETOILES, une manifestation de l\u2019ASSOCIATION FRANCAISE D\u2019ASTRONOMIE (AFA), en partenariat avec le Minist\u00e8re de la Transition Ecologique, le Minist\u00e8re de l\u2019Enseignement Sup\u00e9rieur de la Recherche et de l\u2019Innovation et le Centre National d\u2019Etudes Spatiales (CNES).<\/p><\/blockquote>\n<div class=\"fcbkbttn_buttons_block\" id=\"fcbkbttn_left\"><div class=\"fb-share-button  \" data-href=\"http:\/\/jalle-astro.fr\/wp\/nuit-des-etoiles-2021\/\" data-type=\"button\" data-size=\"small\"><\/div><\/div>","protected":false},"excerpt":{"rendered":"<p>JALLE ASTRONOMIE vous invite \u00e0 participer aux NUITS DES \u00c9TOILES 2021. Nous vous accueillerons sur 3 sites, le vendredi 6 ao\u00fbt en d\u00e9but de nuit &hellip;<\/p>\n","protected":false},"author":22,"featured_media":9667,"comment_status":"closed","ping_status":"closed","sticky":false,"template":"","format":"standard","meta":{"_monsterinsights_skip_tracking":false,"_monsterinsights_sitenote_active":false,"_monsterinsights_sitenote_note":"","_monsterinsights_sitenote_category":0,"footnotes":""},"categories":[16],"tags":[268,67,269],"class_list":["post-9666","post","type-post","status-publish","format-standard","has-post-thumbnail","hentry","category-manifestations","tag-ateliers-enfants","tag-nuit-des-etoiles","tag-observation"],"_links":{"self":[{"href":"http:\/\/jalle-astro.fr\/wp\/wp-json\/wp\/v2\/posts\/9666","targetHints":{"allow":["GET"]}}],"collection":[{"href":"http:\/\/jalle-astro.fr\/wp\/wp-json\/wp\/v2\/posts"}],"about":[{"href":"http:\/\/jalle-astro.fr\/wp\/wp-json\/wp\/v2\/types\/post"}],"author":[{"embeddable":true,"href":"http:\/\/jalle-astro.fr\/wp\/wp-json\/wp\/v2\/users\/22"}],"replies":[{"embeddable":true,"href":"http:\/\/jalle-astro.fr\/wp\/wp-json\/wp\/v2\/comments?post=9666"}],"version-history":[{"count":24,"href":"http:\/\/jalle-astro.fr\/wp\/wp-json\/wp\/v2\/posts\/9666\/revisions"}],"predecessor-version":[{"id":429999,"href":"http:\/\/jalle-astro.fr\/wp\/wp-json\/wp\/v2\/posts\/9666\/revisions\/429999"}],"wp:featuredmedia":[{"embeddable":true,"href":"http:\/\/jalle-astro.fr\/wp\/wp-json\/wp\/v2\/media\/9667"}],"wp:attachment":[{"href":"http:\/\/jalle-astro.fr\/wp\/wp-json\/wp\/v2\/media?parent=9666"}],"wp:term":[{"taxonomy":"category","embeddable":true,"href":"http:\/\/jalle-astro.fr\/wp\/wp-json\/wp\/v2\/categories?post=9666"},{"taxonomy":"post_tag","embeddable":true,"href":"http:\/\/jalle-astro.fr\/wp\/wp-json\/wp\/v2\/tags?post=9666"}],"curies":[{"name":"wp","href":"https:\/\/api.w.org\/{rel}","templated":true}]}}