{"id":9526,"date":"2021-06-03T11:27:44","date_gmt":"2021-06-03T10:27:44","guid":{"rendered":"http:\/\/jalle-astro.fr\/wp\/?p=9526"},"modified":"2023-03-03T14:33:29","modified_gmt":"2023-03-03T13:33:29","slug":"la-mission-juice-esa_apercu-conference-du-28-mai-2021","status":"publish","type":"post","link":"http:\/\/jalle-astro.fr\/wp\/la-mission-juice-esa_apercu-conference-du-28-mai-2021\/","title":{"rendered":"LA MISSION JUICE ESA_aper\u00e7u conf\u00e9rence du 28 mai 2021"},"content":{"rendered":"<p>L\u2019actualit\u00e9 2021 nous fait vibrer sur la plan\u00e8te Mars, avec les exploits des sondes, des rovers et leurs superbes images, <strong>Thibault Cavali\u00e9 <\/strong> nous a fait r\u00eaver en nous projetant dans le futur \u00e0 10 ans en nous pr\u00e9sentant <strong>la prochaine mission de l\u2019Agence Spatiale Europ\u00e9enne vers Jupiter et ses lunes glac\u00e9es Europe, Ganym\u00e8de, Callisto et Io.<\/strong><br \/>\nApr\u00e8s un retour sur les missions ant\u00e9rieures comme Voyager, Galileo et Juno, qui ont permis de mieux comprendre le syst\u00e8me jovien avec des images incroyables et glac\u00e9es, Thibault nous a expliqu\u00e9 la future mission JUICE avec force d\u00e9tails.<\/p>\n<div id='gallery-1' class='gallery galleryid-9526 gallery-columns-1 gallery-size-medium'><figure class='gallery-item'>\n\t\t\t<div class='gallery-icon landscape'>\n\t\t\t\t<a href='http:\/\/jalle-astro.fr\/wp\/la-mission-juice-esa_apercu-conference-du-28-mai-2021\/montage-4-images_apercu-conf\/'><img loading=\"lazy\" decoding=\"async\" width=\"250\" height=\"62\" src=\"http:\/\/jalle-astro.fr\/wp\/wp-content\/uploads\/2021\/06\/montage-4-images_apercu-conf-620x153.png\" class=\"attachment-medium size-medium\" alt=\"\" srcset=\"http:\/\/jalle-astro.fr\/wp\/wp-content\/uploads\/2021\/06\/montage-4-images_apercu-conf-620x153.png 620w, http:\/\/jalle-astro.fr\/wp\/wp-content\/uploads\/2021\/06\/montage-4-images_apercu-conf-920x227.png 920w, http:\/\/jalle-astro.fr\/wp\/wp-content\/uploads\/2021\/06\/montage-4-images_apercu-conf-768x189.png 768w, http:\/\/jalle-astro.fr\/wp\/wp-content\/uploads\/2021\/06\/montage-4-images_apercu-conf.png 1294w\" sizes=\"auto, (max-width: 250px) 100vw, 250px\" \/><\/a>\n\t\t\t<\/div><\/figure>\n\t\t<\/div>\n\n<p>Il a pass\u00e9 en revue les aspects techniques de la mission, les mat\u00e9riels mais aussi les enjeux scientifiques pour d\u00e9crypter la plan\u00e8te et ses lunes. On a pu entre autres imaginer qu\u2019une certaine <strong>forme de vie puisse exister sur Europe ou Ganym\u00e8de o\u00f9 l\u2019eau est pr\u00e9sente en sous sol,<\/strong> en quantit\u00e9 peut-\u00eatre sup\u00e9rieure aux oc\u00e9ans de la Terre.<\/p>\n<div id='gallery-2' class='gallery galleryid-9526 gallery-columns-3 gallery-size-medium'><figure class='gallery-item'>\n\t\t\t<div class='gallery-icon landscape'>\n\t\t\t\t<a href='http:\/\/jalle-astro.fr\/wp\/la-mission-juice-esa_apercu-conference-du-28-mai-2021\/design-mission-juice-2\/'><img loading=\"lazy\" decoding=\"async\" width=\"250\" height=\"172\" src=\"http:\/\/jalle-astro.fr\/wp\/wp-content\/uploads\/2021\/06\/design-mission-juice-1-620x426.png\" class=\"attachment-medium size-medium\" alt=\"\" srcset=\"http:\/\/jalle-astro.fr\/wp\/wp-content\/uploads\/2021\/06\/design-mission-juice-1-620x426.png 620w, http:\/\/jalle-astro.fr\/wp\/wp-content\/uploads\/2021\/06\/design-mission-juice-1-920x632.png 920w, http:\/\/jalle-astro.fr\/wp\/wp-content\/uploads\/2021\/06\/design-mission-juice-1-768x527.png 768w, http:\/\/jalle-astro.fr\/wp\/wp-content\/uploads\/2021\/06\/design-mission-juice-1.png 1145w\" sizes=\"auto, (max-width: 250px) 100vw, 250px\" \/><\/a>\n\t\t\t<\/div><\/figure><figure class='gallery-item'>\n\t\t\t<div class='gallery-icon landscape'>\n\t\t\t\t<a href='http:\/\/jalle-astro.fr\/wp\/la-mission-juice-esa_apercu-conference-du-28-mai-2021\/design-mission-juice_2\/'><img loading=\"lazy\" decoding=\"async\" width=\"250\" height=\"179\" src=\"http:\/\/jalle-astro.fr\/wp\/wp-content\/uploads\/2021\/06\/design-mission-juice_2-620x445.png\" class=\"attachment-medium size-medium\" alt=\"\" srcset=\"http:\/\/jalle-astro.fr\/wp\/wp-content\/uploads\/2021\/06\/design-mission-juice_2-620x445.png 620w, http:\/\/jalle-astro.fr\/wp\/wp-content\/uploads\/2021\/06\/design-mission-juice_2-920x660.png 920w, http:\/\/jalle-astro.fr\/wp\/wp-content\/uploads\/2021\/06\/design-mission-juice_2-768x551.png 768w, http:\/\/jalle-astro.fr\/wp\/wp-content\/uploads\/2021\/06\/design-mission-juice_2.png 1138w\" sizes=\"auto, (max-width: 250px) 100vw, 250px\" \/><\/a>\n\t\t\t<\/div><\/figure><figure class='gallery-item'>\n\t\t\t<div class='gallery-icon landscape'>\n\t\t\t\t<a href='http:\/\/jalle-astro.fr\/wp\/la-mission-juice-esa_apercu-conference-du-28-mai-2021\/agenda-juice_trajectoire-vers-jupiter-2\/'><img loading=\"lazy\" decoding=\"async\" width=\"250\" height=\"176\" src=\"http:\/\/jalle-astro.fr\/wp\/wp-content\/uploads\/2021\/06\/agenda-juice_trajectoire-vers-jupiter-1-620x436.png\" class=\"attachment-medium size-medium\" alt=\"\" srcset=\"http:\/\/jalle-astro.fr\/wp\/wp-content\/uploads\/2021\/06\/agenda-juice_trajectoire-vers-jupiter-1-620x436.png 620w, http:\/\/jalle-astro.fr\/wp\/wp-content\/uploads\/2021\/06\/agenda-juice_trajectoire-vers-jupiter-1-920x647.png 920w, http:\/\/jalle-astro.fr\/wp\/wp-content\/uploads\/2021\/06\/agenda-juice_trajectoire-vers-jupiter-1-768x540.png 768w, http:\/\/jalle-astro.fr\/wp\/wp-content\/uploads\/2021\/06\/agenda-juice_trajectoire-vers-jupiter-1.png 1144w\" sizes=\"auto, (max-width: 250px) 100vw, 250px\" \/><\/a>\n\t\t\t<\/div><\/figure>\n\t\t<\/div>\n\n<p>La Nouvelle Aquitaine est fortement engag\u00e9e dans ce projet europ\u00e9en avec de multiples participations en ing\u00e9nierie et instruments, mais aussi avec le <strong>lanceur Ariane 5 dont ce sera le dernier envol pour JUICE.<\/strong><\/p>\n<div id='gallery-3' class='gallery galleryid-9526 gallery-columns-3 gallery-size-medium'><figure class='gallery-item'>\n\t\t\t<div class='gallery-icon landscape'>\n\t\t\t\t<a href='http:\/\/jalle-astro.fr\/wp\/la-mission-juice-esa_apercu-conference-du-28-mai-2021\/image-sonde-_20-mai-21-2\/'><img loading=\"lazy\" decoding=\"async\" width=\"250\" height=\"190\" src=\"http:\/\/jalle-astro.fr\/wp\/wp-content\/uploads\/2021\/06\/image-sonde-_20-mai-21-1-620x470.png\" class=\"attachment-medium size-medium\" alt=\"\" srcset=\"http:\/\/jalle-astro.fr\/wp\/wp-content\/uploads\/2021\/06\/image-sonde-_20-mai-21-1-620x470.png 620w, http:\/\/jalle-astro.fr\/wp\/wp-content\/uploads\/2021\/06\/image-sonde-_20-mai-21-1-920x697.png 920w, http:\/\/jalle-astro.fr\/wp\/wp-content\/uploads\/2021\/06\/image-sonde-_20-mai-21-1-768x582.png 768w, http:\/\/jalle-astro.fr\/wp\/wp-content\/uploads\/2021\/06\/image-sonde-_20-mai-21-1.png 1013w\" sizes=\"auto, (max-width: 250px) 100vw, 250px\" \/><\/a>\n\t\t\t<\/div><\/figure><figure class='gallery-item'>\n\t\t\t<div class='gallery-icon landscape'>\n\t\t\t\t<a href='http:\/\/jalle-astro.fr\/wp\/la-mission-juice-esa_apercu-conference-du-28-mai-2021\/point-sur-agenda-2\/'><img loading=\"lazy\" decoding=\"async\" width=\"250\" height=\"170\" src=\"http:\/\/jalle-astro.fr\/wp\/wp-content\/uploads\/2021\/06\/point-sur-agenda-1-620x421.png\" class=\"attachment-medium size-medium\" alt=\"\" aria-describedby=\"gallery-3-9551\" srcset=\"http:\/\/jalle-astro.fr\/wp\/wp-content\/uploads\/2021\/06\/point-sur-agenda-1-620x421.png 620w, http:\/\/jalle-astro.fr\/wp\/wp-content\/uploads\/2021\/06\/point-sur-agenda-1-920x625.png 920w, http:\/\/jalle-astro.fr\/wp\/wp-content\/uploads\/2021\/06\/point-sur-agenda-1-768x522.png 768w, http:\/\/jalle-astro.fr\/wp\/wp-content\/uploads\/2021\/06\/point-sur-agenda-1.png 1118w\" sizes=\"auto, (max-width: 250px) 100vw, 250px\" \/><\/a>\n\t\t\t<\/div>\n\t\t\t\t<figcaption class='wp-caption-text gallery-caption' id='gallery-3-9551'>\n\t\t\t\taper\u00e7u du calendrier avec le lanceur Ariane 5\n\t\t\t\t<\/figcaption><\/figure>\n\t\t<\/div>\n\n<p><strong>Jalle Astronomie remercie Thibault Cavali\u00e9 pour cette soir\u00e9e tr\u00e8s riche en images superbes et en informations technologiques et scientifiques passionnantes.<\/strong><\/p>\n<p><em> contact conf\u00e9rencier: &#116;&#x68;i&#98;&#x61;&#117;&#x6c;t&#46;&#x63;a&#x76;&#x61;&#108;&#x69;e&#64;&#x75;-&#x62;&#x6f;&#114;&#x64;e&#97;&#x75;&#120;&#x2e;f&#114;<br \/>\narticle pr\u00e9par\u00e9 et publi\u00e9 par Michel Vidal<\/em><\/p>\n<div class=\"fcbkbttn_buttons_block\" id=\"fcbkbttn_left\"><div class=\"fb-share-button  \" data-href=\"http:\/\/jalle-astro.fr\/wp\/la-mission-juice-esa_apercu-conference-du-28-mai-2021\/\" data-type=\"button\" data-size=\"small\"><\/div><\/div>","protected":false},"excerpt":{"rendered":"<p>L\u2019actualit\u00e9 2021 nous fait vibrer sur la plan\u00e8te Mars, avec les exploits des sondes, des rovers et leurs superbes images, Thibault Cavali\u00e9 nous a fait &hellip;<\/p>\n","protected":false},"author":22,"featured_media":9548,"comment_status":"closed","ping_status":"closed","sticky":false,"template":"","format":"standard","meta":{"_monsterinsights_skip_tracking":false,"_monsterinsights_sitenote_active":false,"_monsterinsights_sitenote_note":"","_monsterinsights_sitenote_category":0,"footnotes":""},"categories":[265],"tags":[201],"class_list":["post-9526","post","type-post","status-publish","format-standard","has-post-thumbnail","hentry","category-conference","tag-missions-spatiales"],"_links":{"self":[{"href":"http:\/\/jalle-astro.fr\/wp\/wp-json\/wp\/v2\/posts\/9526","targetHints":{"allow":["GET"]}}],"collection":[{"href":"http:\/\/jalle-astro.fr\/wp\/wp-json\/wp\/v2\/posts"}],"about":[{"href":"http:\/\/jalle-astro.fr\/wp\/wp-json\/wp\/v2\/types\/post"}],"author":[{"embeddable":true,"href":"http:\/\/jalle-astro.fr\/wp\/wp-json\/wp\/v2\/users\/22"}],"replies":[{"embeddable":true,"href":"http:\/\/jalle-astro.fr\/wp\/wp-json\/wp\/v2\/comments?post=9526"}],"version-history":[{"count":24,"href":"http:\/\/jalle-astro.fr\/wp\/wp-json\/wp\/v2\/posts\/9526\/revisions"}],"predecessor-version":[{"id":100962,"href":"http:\/\/jalle-astro.fr\/wp\/wp-json\/wp\/v2\/posts\/9526\/revisions\/100962"}],"wp:featuredmedia":[{"embeddable":true,"href":"http:\/\/jalle-astro.fr\/wp\/wp-json\/wp\/v2\/media\/9548"}],"wp:attachment":[{"href":"http:\/\/jalle-astro.fr\/wp\/wp-json\/wp\/v2\/media?parent=9526"}],"wp:term":[{"taxonomy":"category","embeddable":true,"href":"http:\/\/jalle-astro.fr\/wp\/wp-json\/wp\/v2\/categories?post=9526"},{"taxonomy":"post_tag","embeddable":true,"href":"http:\/\/jalle-astro.fr\/wp\/wp-json\/wp\/v2\/tags?post=9526"}],"curies":[{"name":"wp","href":"https:\/\/api.w.org\/{rel}","templated":true}]}}