{"id":7856,"date":"2019-04-13T10:35:36","date_gmt":"2019-04-13T09:35:36","guid":{"rendered":"http:\/\/jalle-astro.fr\/wp\/?p=7856"},"modified":"2023-03-03T15:28:31","modified_gmt":"2023-03-03T14:28:31","slug":"conference-publique-jalle-astronomie-vendredi-10-mai-2019","status":"publish","type":"post","link":"http:\/\/jalle-astro.fr\/wp\/conference-publique-jalle-astronomie-vendredi-10-mai-2019\/","title":{"rendered":"CONFERENCE PUBLIQUE JALLE ASTRONOMIE, VENDREDI 10 MAI 2019"},"content":{"rendered":"<p>JALLE ASTRONOMIE organise une Conf\u00e9rence Publique gratuite \u00e0 la Maison des Gestes du D\u00e9veloppement Durable, <a href=\"https:\/\/goo.gl\/maps\/cQrSkHUVyaA2\" target=\"_blank\" rel=\"noopener noreferrer\"><span style=\"text-decoration: underline;\">au Parc des Sports et des Loisirs Colette Besson, <\/span><\/a> \u00e0 MARTIGNAS sur JALLE, le vendredi 10 mai 2019, \u00e0 21 heures.<\/p>\n<p><strong>Fabrice HERPIN<\/strong>, astrophysicien au LAB, Universit\u00e9 de Bordeaux*, nous entretiendra des <strong>FUTURES MISSIONS SPATIALES en formation stellaire<\/strong><br \/>\n<!--more--><\/p>\n<p>Gr\u00e2ce au satellite Herschel Space Observatory de l&rsquo;ESA et maintenant au grand interf\u00e9rom\u00e8tre au sol ALMA de l&rsquo;ESO de nombreuses avanc\u00e9es ont \u00e9t\u00e9 faites dans notre compr\u00e9hension de la formation stellaire, avanc\u00e9es que je me propose de vous r\u00e9sumer dans cette pr\u00e9sentation.<\/p>\n<p>N\u00e9anmoins, de nombreuses inconnues subsistent et ces d\u00e9couvertes ont aussi, comme souvent, suscit\u00e9 de nouvelles questions. L&rsquo;approfondissement de nos connaissances et la solution aux probl\u00e8mes actuels concernant les m\u00e9canismes de formation stellaire n\u00e9cessitent de nouveaux t\u00e9lescopes spatiaux innovants.<\/p>\n<p><strong>Je vous pr\u00e9senterai donc ces futures missions spatiales qui pourraient voir le jour \u00e0 l&rsquo;horizon 2030.<\/strong><\/p>\n<p>*LAB: Laboratoire d&rsquo;Astrophysique de Bordeaux, contact Conf\u00e9rencier: 05 40 00 32 75.<\/p>\n<p><em> article \u00e9dit\u00e9 et mis en forme par Michel Vidal.<\/em><\/p>\n<div class=\"fcbkbttn_buttons_block\" id=\"fcbkbttn_left\"><div class=\"fb-share-button  \" data-href=\"http:\/\/jalle-astro.fr\/wp\/conference-publique-jalle-astronomie-vendredi-10-mai-2019\/\" data-type=\"button\" data-size=\"small\"><\/div><\/div>","protected":false},"excerpt":{"rendered":"<p>JALLE ASTRONOMIE organise une Conf\u00e9rence Publique gratuite \u00e0 la Maison des Gestes du D\u00e9veloppement Durable, au Parc des Sports et des Loisirs Colette Besson, \u00e0 &hellip;<\/p>\n","protected":false},"author":7,"featured_media":7862,"comment_status":"closed","ping_status":"closed","sticky":false,"template":"","format":"standard","meta":{"_monsterinsights_skip_tracking":false,"_monsterinsights_sitenote_active":false,"_monsterinsights_sitenote_note":"","_monsterinsights_sitenote_category":0,"footnotes":""},"categories":[265],"tags":[201],"class_list":["post-7856","post","type-post","status-publish","format-standard","has-post-thumbnail","hentry","category-conference","tag-missions-spatiales"],"_links":{"self":[{"href":"http:\/\/jalle-astro.fr\/wp\/wp-json\/wp\/v2\/posts\/7856","targetHints":{"allow":["GET"]}}],"collection":[{"href":"http:\/\/jalle-astro.fr\/wp\/wp-json\/wp\/v2\/posts"}],"about":[{"href":"http:\/\/jalle-astro.fr\/wp\/wp-json\/wp\/v2\/types\/post"}],"author":[{"embeddable":true,"href":"http:\/\/jalle-astro.fr\/wp\/wp-json\/wp\/v2\/users\/7"}],"replies":[{"embeddable":true,"href":"http:\/\/jalle-astro.fr\/wp\/wp-json\/wp\/v2\/comments?post=7856"}],"version-history":[{"count":9,"href":"http:\/\/jalle-astro.fr\/wp\/wp-json\/wp\/v2\/posts\/7856\/revisions"}],"predecessor-version":[{"id":429863,"href":"http:\/\/jalle-astro.fr\/wp\/wp-json\/wp\/v2\/posts\/7856\/revisions\/429863"}],"wp:featuredmedia":[{"embeddable":true,"href":"http:\/\/jalle-astro.fr\/wp\/wp-json\/wp\/v2\/media\/7862"}],"wp:attachment":[{"href":"http:\/\/jalle-astro.fr\/wp\/wp-json\/wp\/v2\/media?parent=7856"}],"wp:term":[{"taxonomy":"category","embeddable":true,"href":"http:\/\/jalle-astro.fr\/wp\/wp-json\/wp\/v2\/categories?post=7856"},{"taxonomy":"post_tag","embeddable":true,"href":"http:\/\/jalle-astro.fr\/wp\/wp-json\/wp\/v2\/tags?post=7856"}],"curies":[{"name":"wp","href":"https:\/\/api.w.org\/{rel}","templated":true}]}}