{"id":433747,"date":"2026-03-12T11:12:55","date_gmt":"2026-03-12T10:12:55","guid":{"rendered":"http:\/\/jalle-astro.fr\/wp\/?p=433747"},"modified":"2026-03-12T11:12:55","modified_gmt":"2026-03-12T10:12:55","slug":"nuits-de-lequinoxe-_-soiree-observation-jalle-astronomie_-21-mars-20h30","status":"publish","type":"post","link":"http:\/\/jalle-astro.fr\/wp\/nuits-de-lequinoxe-_-soiree-observation-jalle-astronomie_-21-mars-20h30\/","title":{"rendered":"NUITS de l&rsquo;EQUINOXE _ SOIREE OBSERVATION           JALLE ASTRONOMIE_  21 mars 20h30"},"content":{"rendered":"<p><strong><span style=\"font-size: 14pt;\">JALLE ASTRONOMIE vous invite \u00e0 participer \u00e0 une soir\u00e9e d\u2019observation du ciel<\/span> dans le cadre des\u00a0NUITS DE L\u2019EQUINOXE<\/strong>, manifestation nationale propos\u00e9e par l\u2019Association Fran\u00e7aise d\u2019Astronomie (AFA) , le Minist\u00e8re de la Culture, le Minist\u00e8re des Sports, de le Jeunesse et de la Vie Associative, Ciel et Espace.<\/p>\n<div id='gallery-1' class='gallery galleryid-433747 gallery-columns-1 gallery-size-full'><figure class='gallery-item'>\n\t\t\t<div class='gallery-icon landscape'>\n\t\t\t\t<a href='http:\/\/jalle-astro.fr\/wp\/wp-content\/uploads\/2026\/03\/flyer-Nuit-Equinoxe.png'><img loading=\"lazy\" decoding=\"async\" width=\"757\" height=\"416\" src=\"http:\/\/jalle-astro.fr\/wp\/wp-content\/uploads\/2026\/03\/flyer-Nuit-Equinoxe.png\" class=\"attachment-full size-full\" alt=\"\" srcset=\"http:\/\/jalle-astro.fr\/wp\/wp-content\/uploads\/2026\/03\/flyer-Nuit-Equinoxe.png 757w, http:\/\/jalle-astro.fr\/wp\/wp-content\/uploads\/2026\/03\/flyer-Nuit-Equinoxe-250x137.png 250w, http:\/\/jalle-astro.fr\/wp\/wp-content\/uploads\/2026\/03\/flyer-Nuit-Equinoxe-400x220.png 400w, http:\/\/jalle-astro.fr\/wp\/wp-content\/uploads\/2026\/03\/flyer-Nuit-Equinoxe-150x82.png 150w, http:\/\/jalle-astro.fr\/wp\/wp-content\/uploads\/2026\/03\/flyer-Nuit-Equinoxe-390x214.png 390w\" sizes=\"auto, (max-width: 757px) 100vw, 757px\" \/><\/a>\n\t\t\t<\/div><\/figure>\n\t\t<\/div>\n\n<p><span style=\"font-size: 14pt;\"><strong>RENDEZ-VOUS\u00a0 sur le site de l\u2019Observatoire Jalle Astronomie, samedi 21 mars, \u00e0 partir de 20h30h,\u00a0<\/strong>r<\/span>ue Louis Blanc, Plaine des Sports et Loisirs Colette Besson, Martignas-sur-Jalle.<br \/>\n<span style=\"font-size: 14pt;\"><strong>Vous pourrez observer les astres et le ciel profond \u00e0 l\u2019aide\u00a0 des instruments d\u2019observation des adh\u00e9rents de l\u2019association install\u00e9s sur le parking de l&rsquo;Observatoire Jalle Astronomie. <\/strong><span style=\"font-size: 12pt;\">Celui-ci <\/span><\/span><span style=\"font-size: 12pt;\">\u00a0<\/span>ne sera pas en service pour cause d&rsquo;entretien.<br \/>\n<span style=\"font-size: 14pt;\"><strong>Cette soir\u00e9e est publique et gratuite. Adaptez vos v\u00eatements \u00e0 la m\u00e9t\u00e9o du jour.<\/strong><\/span><\/p>\n<p>Pr\u00e9par\u00e9 par Michel Vidal avec la photo de la N\u00e9buleuse de la T\u00eate de Cheval (IC 434) prise par Michel Drogat<\/p>\n<div class=\"fcbkbttn_buttons_block\" id=\"fcbkbttn_left\"><div class=\"fb-share-button  \" data-href=\"http:\/\/jalle-astro.fr\/wp\/nuits-de-lequinoxe-_-soiree-observation-jalle-astronomie_-21-mars-20h30\/\" data-type=\"button\" data-size=\"small\"><\/div><\/div>","protected":false},"excerpt":{"rendered":"<p>JALLE ASTRONOMIE vous invite \u00e0 participer \u00e0 une soir\u00e9e d\u2019observation du ciel dans le cadre des\u00a0NUITS DE L\u2019EQUINOXE, manifestation nationale propos\u00e9e par l\u2019Association Fran\u00e7aise d\u2019Astronomie &hellip;<\/p>\n","protected":false},"author":22,"featured_media":433752,"comment_status":"closed","ping_status":"closed","sticky":false,"template":"","format":"standard","meta":{"_monsterinsights_skip_tracking":false,"_monsterinsights_sitenote_active":false,"_monsterinsights_sitenote_note":"","_monsterinsights_sitenote_category":0,"footnotes":""},"categories":[1],"tags":[],"class_list":["post-433747","post","type-post","status-publish","format-standard","has-post-thumbnail","hentry","category-non-classe"],"_links":{"self":[{"href":"http:\/\/jalle-astro.fr\/wp\/wp-json\/wp\/v2\/posts\/433747","targetHints":{"allow":["GET"]}}],"collection":[{"href":"http:\/\/jalle-astro.fr\/wp\/wp-json\/wp\/v2\/posts"}],"about":[{"href":"http:\/\/jalle-astro.fr\/wp\/wp-json\/wp\/v2\/types\/post"}],"author":[{"embeddable":true,"href":"http:\/\/jalle-astro.fr\/wp\/wp-json\/wp\/v2\/users\/22"}],"replies":[{"embeddable":true,"href":"http:\/\/jalle-astro.fr\/wp\/wp-json\/wp\/v2\/comments?post=433747"}],"version-history":[{"count":3,"href":"http:\/\/jalle-astro.fr\/wp\/wp-json\/wp\/v2\/posts\/433747\/revisions"}],"predecessor-version":[{"id":433753,"href":"http:\/\/jalle-astro.fr\/wp\/wp-json\/wp\/v2\/posts\/433747\/revisions\/433753"}],"wp:featuredmedia":[{"embeddable":true,"href":"http:\/\/jalle-astro.fr\/wp\/wp-json\/wp\/v2\/media\/433752"}],"wp:attachment":[{"href":"http:\/\/jalle-astro.fr\/wp\/wp-json\/wp\/v2\/media?parent=433747"}],"wp:term":[{"taxonomy":"category","embeddable":true,"href":"http:\/\/jalle-astro.fr\/wp\/wp-json\/wp\/v2\/categories?post=433747"},{"taxonomy":"post_tag","embeddable":true,"href":"http:\/\/jalle-astro.fr\/wp\/wp-json\/wp\/v2\/tags?post=433747"}],"curies":[{"name":"wp","href":"https:\/\/api.w.org\/{rel}","templated":true}]}}