{"id":433477,"date":"2025-04-22T16:27:37","date_gmt":"2025-04-22T15:27:37","guid":{"rendered":"http:\/\/jalle-astro.fr\/wp\/?p=433477"},"modified":"2025-12-10T16:30:38","modified_gmt":"2025-12-10T15:30:38","slug":"visite-de-lobservatoire-astronomique-de-bordeaux-floirac","status":"publish","type":"post","link":"http:\/\/jalle-astro.fr\/wp\/visite-de-lobservatoire-astronomique-de-bordeaux-floirac\/","title":{"rendered":"Visite de l&rsquo;observatoire astronomique de Bordeaux-Floirac"},"content":{"rendered":"<p>JALLE ASTRONOMIE a organis\u00e9 le 16 avril 2025, dans le cadre de son programme de sorties, la visite de ce lieu embl\u00e9matique de l\u2019astronomie bordelaise, l\u2019observatoire astronomique de Bordeaux-Floirac, avec la pr\u00e9sence d&rsquo;une vingtaine de ses adh\u00e9rents<strong>.<\/strong><\/p>\n<div id='gallery-1' class='gallery galleryid-433477 gallery-columns-4 gallery-size-large'><figure class='gallery-item'>\n\t\t\t<div class='gallery-icon landscape'>\n\t\t\t\t<a href='http:\/\/jalle-astro.fr\/wp\/wp-content\/uploads\/2025\/04\/25-04-16-Observatoire-BX-Floirac_12_movl.jpg'><img loading=\"lazy\" decoding=\"async\" width=\"400\" height=\"180\" src=\"http:\/\/jalle-astro.fr\/wp\/wp-content\/uploads\/2025\/04\/25-04-16-Observatoire-BX-Floirac_12_movl-400x180.jpg\" class=\"attachment-large size-large\" alt=\"\" srcset=\"http:\/\/jalle-astro.fr\/wp\/wp-content\/uploads\/2025\/04\/25-04-16-Observatoire-BX-Floirac_12_movl-400x180.jpg 400w, http:\/\/jalle-astro.fr\/wp\/wp-content\/uploads\/2025\/04\/25-04-16-Observatoire-BX-Floirac_12_movl-250x113.jpg 250w, http:\/\/jalle-astro.fr\/wp\/wp-content\/uploads\/2025\/04\/25-04-16-Observatoire-BX-Floirac_12_movl-150x68.jpg 150w, http:\/\/jalle-astro.fr\/wp\/wp-content\/uploads\/2025\/04\/25-04-16-Observatoire-BX-Floirac_12_movl-768x346.jpg 768w, http:\/\/jalle-astro.fr\/wp\/wp-content\/uploads\/2025\/04\/25-04-16-Observatoire-BX-Floirac_12_movl-1536x691.jpg 1536w, http:\/\/jalle-astro.fr\/wp\/wp-content\/uploads\/2025\/04\/25-04-16-Observatoire-BX-Floirac_12_movl-390x176.jpg 390w, http:\/\/jalle-astro.fr\/wp\/wp-content\/uploads\/2025\/04\/25-04-16-Observatoire-BX-Floirac_12_movl.jpg 1600w\" sizes=\"auto, (max-width: 400px) 100vw, 400px\" \/><\/a>\n\t\t\t<\/div><\/figure><figure class='gallery-item'>\n\t\t\t<div class='gallery-icon landscape'>\n\t\t\t\t<a href='http:\/\/jalle-astro.fr\/wp\/wp-content\/uploads\/2025\/04\/25-04-16-Observatoire-BX-Floirac_27_movl.jpg'><img loading=\"lazy\" decoding=\"async\" width=\"400\" height=\"180\" src=\"http:\/\/jalle-astro.fr\/wp\/wp-content\/uploads\/2025\/04\/25-04-16-Observatoire-BX-Floirac_27_movl-400x180.jpg\" class=\"attachment-large size-large\" alt=\"\" srcset=\"http:\/\/jalle-astro.fr\/wp\/wp-content\/uploads\/2025\/04\/25-04-16-Observatoire-BX-Floirac_27_movl-400x180.jpg 400w, http:\/\/jalle-astro.fr\/wp\/wp-content\/uploads\/2025\/04\/25-04-16-Observatoire-BX-Floirac_27_movl-250x113.jpg 250w, http:\/\/jalle-astro.fr\/wp\/wp-content\/uploads\/2025\/04\/25-04-16-Observatoire-BX-Floirac_27_movl-150x68.jpg 150w, http:\/\/jalle-astro.fr\/wp\/wp-content\/uploads\/2025\/04\/25-04-16-Observatoire-BX-Floirac_27_movl-768x346.jpg 768w, http:\/\/jalle-astro.fr\/wp\/wp-content\/uploads\/2025\/04\/25-04-16-Observatoire-BX-Floirac_27_movl-1536x691.jpg 1536w, http:\/\/jalle-astro.fr\/wp\/wp-content\/uploads\/2025\/04\/25-04-16-Observatoire-BX-Floirac_27_movl-390x176.jpg 390w, http:\/\/jalle-astro.fr\/wp\/wp-content\/uploads\/2025\/04\/25-04-16-Observatoire-BX-Floirac_27_movl.jpg 1600w\" sizes=\"auto, (max-width: 400px) 100vw, 400px\" \/><\/a>\n\t\t\t<\/div><\/figure><figure class='gallery-item'>\n\t\t\t<div class='gallery-icon landscape'>\n\t\t\t\t<a href='http:\/\/jalle-astro.fr\/wp\/wp-content\/uploads\/2025\/04\/25-04-16-Observatoire-BX-Floirac_32_movl.jpg'><img loading=\"lazy\" decoding=\"async\" width=\"400\" height=\"180\" src=\"http:\/\/jalle-astro.fr\/wp\/wp-content\/uploads\/2025\/04\/25-04-16-Observatoire-BX-Floirac_32_movl-400x180.jpg\" class=\"attachment-large size-large\" alt=\"\" srcset=\"http:\/\/jalle-astro.fr\/wp\/wp-content\/uploads\/2025\/04\/25-04-16-Observatoire-BX-Floirac_32_movl-400x180.jpg 400w, http:\/\/jalle-astro.fr\/wp\/wp-content\/uploads\/2025\/04\/25-04-16-Observatoire-BX-Floirac_32_movl-250x113.jpg 250w, http:\/\/jalle-astro.fr\/wp\/wp-content\/uploads\/2025\/04\/25-04-16-Observatoire-BX-Floirac_32_movl-150x68.jpg 150w, http:\/\/jalle-astro.fr\/wp\/wp-content\/uploads\/2025\/04\/25-04-16-Observatoire-BX-Floirac_32_movl-768x346.jpg 768w, http:\/\/jalle-astro.fr\/wp\/wp-content\/uploads\/2025\/04\/25-04-16-Observatoire-BX-Floirac_32_movl-1536x691.jpg 1536w, http:\/\/jalle-astro.fr\/wp\/wp-content\/uploads\/2025\/04\/25-04-16-Observatoire-BX-Floirac_32_movl-390x176.jpg 390w, http:\/\/jalle-astro.fr\/wp\/wp-content\/uploads\/2025\/04\/25-04-16-Observatoire-BX-Floirac_32_movl.jpg 1600w\" sizes=\"auto, (max-width: 400px) 100vw, 400px\" \/><\/a>\n\t\t\t<\/div><\/figure><figure class='gallery-item'>\n\t\t\t<div class='gallery-icon landscape'>\n\t\t\t\t<a href='http:\/\/jalle-astro.fr\/wp\/wp-content\/uploads\/2025\/04\/25-04-16-Observatoire-BX-Floirac_33_movl.jpg'><img loading=\"lazy\" decoding=\"async\" width=\"400\" height=\"180\" src=\"http:\/\/jalle-astro.fr\/wp\/wp-content\/uploads\/2025\/04\/25-04-16-Observatoire-BX-Floirac_33_movl-400x180.jpg\" class=\"attachment-large size-large\" alt=\"\" srcset=\"http:\/\/jalle-astro.fr\/wp\/wp-content\/uploads\/2025\/04\/25-04-16-Observatoire-BX-Floirac_33_movl-400x180.jpg 400w, http:\/\/jalle-astro.fr\/wp\/wp-content\/uploads\/2025\/04\/25-04-16-Observatoire-BX-Floirac_33_movl-250x113.jpg 250w, http:\/\/jalle-astro.fr\/wp\/wp-content\/uploads\/2025\/04\/25-04-16-Observatoire-BX-Floirac_33_movl-150x68.jpg 150w, http:\/\/jalle-astro.fr\/wp\/wp-content\/uploads\/2025\/04\/25-04-16-Observatoire-BX-Floirac_33_movl-768x346.jpg 768w, http:\/\/jalle-astro.fr\/wp\/wp-content\/uploads\/2025\/04\/25-04-16-Observatoire-BX-Floirac_33_movl-1536x692.jpg 1536w, http:\/\/jalle-astro.fr\/wp\/wp-content\/uploads\/2025\/04\/25-04-16-Observatoire-BX-Floirac_33_movl-390x176.jpg 390w, http:\/\/jalle-astro.fr\/wp\/wp-content\/uploads\/2025\/04\/25-04-16-Observatoire-BX-Floirac_33_movl.jpg 1600w\" sizes=\"auto, (max-width: 400px) 100vw, 400px\" \/><\/a>\n\t\t\t<\/div><\/figure>\n\t\t<\/div>\n\n<p><strong>Nous avons \u00e9t\u00e9 re\u00e7us par Nathalie Brouillet astronome au LAB,<\/strong> grande connaisseuse du site car elle y a pass\u00e9 une grande partie de sa carri\u00e8re de chercheur en astronomie\/astrophysique.<\/p>\n<p>Nathalie Brouillet nous a pr\u00e9sent\u00e9 l\u2019historique du site depuis sa cr\u00e9ation en 1878 par l\u2019astronome Georges Rayet jusqu\u2019\u00e0 l\u2019arr\u00eat des activit\u00e9s en 2016 quand le LAB, Laboratoire d\u2019Astrophysique de l\u2019Universit\u00e9 de Bordeaux, a quitt\u00e9 les lieux pour rejoindre le campus.<\/p>\n<div id='gallery-2' class='gallery galleryid-433477 gallery-columns-2 gallery-size-large'><figure class='gallery-item'>\n\t\t\t<div class='gallery-icon landscape'>\n\t\t\t\t<a href='http:\/\/jalle-astro.fr\/wp\/wp-content\/uploads\/2025\/04\/25-04-16-Observatoire-BX-Floirac_25_movl.jpg'><img loading=\"lazy\" decoding=\"async\" width=\"400\" height=\"180\" src=\"http:\/\/jalle-astro.fr\/wp\/wp-content\/uploads\/2025\/04\/25-04-16-Observatoire-BX-Floirac_25_movl-400x180.jpg\" class=\"attachment-large size-large\" alt=\"\" srcset=\"http:\/\/jalle-astro.fr\/wp\/wp-content\/uploads\/2025\/04\/25-04-16-Observatoire-BX-Floirac_25_movl-400x180.jpg 400w, http:\/\/jalle-astro.fr\/wp\/wp-content\/uploads\/2025\/04\/25-04-16-Observatoire-BX-Floirac_25_movl-250x113.jpg 250w, http:\/\/jalle-astro.fr\/wp\/wp-content\/uploads\/2025\/04\/25-04-16-Observatoire-BX-Floirac_25_movl-150x68.jpg 150w, http:\/\/jalle-astro.fr\/wp\/wp-content\/uploads\/2025\/04\/25-04-16-Observatoire-BX-Floirac_25_movl-768x346.jpg 768w, http:\/\/jalle-astro.fr\/wp\/wp-content\/uploads\/2025\/04\/25-04-16-Observatoire-BX-Floirac_25_movl-1536x692.jpg 1536w, http:\/\/jalle-astro.fr\/wp\/wp-content\/uploads\/2025\/04\/25-04-16-Observatoire-BX-Floirac_25_movl-390x176.jpg 390w, http:\/\/jalle-astro.fr\/wp\/wp-content\/uploads\/2025\/04\/25-04-16-Observatoire-BX-Floirac_25_movl.jpg 1600w\" sizes=\"auto, (max-width: 400px) 100vw, 400px\" \/><\/a>\n\t\t\t<\/div><\/figure><figure class='gallery-item'>\n\t\t\t<div class='gallery-icon landscape'>\n\t\t\t\t<a href='http:\/\/jalle-astro.fr\/wp\/wp-content\/uploads\/2025\/04\/25-04-16-Observatoire-BX-Floirac_26_movl.jpg'><img loading=\"lazy\" decoding=\"async\" width=\"400\" height=\"180\" src=\"http:\/\/jalle-astro.fr\/wp\/wp-content\/uploads\/2025\/04\/25-04-16-Observatoire-BX-Floirac_26_movl-400x180.jpg\" class=\"attachment-large size-large\" alt=\"\" srcset=\"http:\/\/jalle-astro.fr\/wp\/wp-content\/uploads\/2025\/04\/25-04-16-Observatoire-BX-Floirac_26_movl-400x180.jpg 400w, http:\/\/jalle-astro.fr\/wp\/wp-content\/uploads\/2025\/04\/25-04-16-Observatoire-BX-Floirac_26_movl-250x113.jpg 250w, http:\/\/jalle-astro.fr\/wp\/wp-content\/uploads\/2025\/04\/25-04-16-Observatoire-BX-Floirac_26_movl-150x68.jpg 150w, http:\/\/jalle-astro.fr\/wp\/wp-content\/uploads\/2025\/04\/25-04-16-Observatoire-BX-Floirac_26_movl-768x346.jpg 768w, http:\/\/jalle-astro.fr\/wp\/wp-content\/uploads\/2025\/04\/25-04-16-Observatoire-BX-Floirac_26_movl-1536x691.jpg 1536w, http:\/\/jalle-astro.fr\/wp\/wp-content\/uploads\/2025\/04\/25-04-16-Observatoire-BX-Floirac_26_movl-390x176.jpg 390w, http:\/\/jalle-astro.fr\/wp\/wp-content\/uploads\/2025\/04\/25-04-16-Observatoire-BX-Floirac_26_movl.jpg 1600w\" sizes=\"auto, (max-width: 400px) 100vw, 400px\" \/><\/a>\n\t\t\t<\/div><\/figure>\n\t\t<\/div>\n\n<p>Nous avons ensuite visit\u00e9 4 coupoles, dont:<\/p>\n<ul>\n<li><strong>La table \u00e9quatoriale avec son t\u00e9lescope<\/strong> qui permettait de faire des mesures des satellites des plan\u00e8tes Jupiter, saturne et Uranus lors des \u00e9clipses ou des occultations mutuelles de leurs satellites quand la Terre et le Soleil passent dans le plan orbital d\u2019une plan\u00e8te donn\u00e9e.<div id='gallery-3' class='gallery galleryid-433477 gallery-columns-4 gallery-size-medium'><figure class='gallery-item'>\n\t\t\t<div class='gallery-icon landscape'>\n\t\t\t\t<a href='http:\/\/jalle-astro.fr\/wp\/wp-content\/uploads\/2025\/04\/1000055995.jpg'><img loading=\"lazy\" decoding=\"async\" width=\"250\" height=\"141\" src=\"http:\/\/jalle-astro.fr\/wp\/wp-content\/uploads\/2025\/04\/1000055995-250x141.jpg\" class=\"attachment-medium size-medium\" alt=\"\" srcset=\"http:\/\/jalle-astro.fr\/wp\/wp-content\/uploads\/2025\/04\/1000055995-250x141.jpg 250w, http:\/\/jalle-astro.fr\/wp\/wp-content\/uploads\/2025\/04\/1000055995-400x225.jpg 400w, http:\/\/jalle-astro.fr\/wp\/wp-content\/uploads\/2025\/04\/1000055995-150x84.jpg 150w, http:\/\/jalle-astro.fr\/wp\/wp-content\/uploads\/2025\/04\/1000055995-768x432.jpg 768w, http:\/\/jalle-astro.fr\/wp\/wp-content\/uploads\/2025\/04\/1000055995-1536x864.jpg 1536w, http:\/\/jalle-astro.fr\/wp\/wp-content\/uploads\/2025\/04\/1000055995-390x220.jpg 390w, http:\/\/jalle-astro.fr\/wp\/wp-content\/uploads\/2025\/04\/1000055995.jpg 2048w\" sizes=\"auto, (max-width: 250px) 100vw, 250px\" \/><\/a>\n\t\t\t<\/div><\/figure><figure class='gallery-item'>\n\t\t\t<div class='gallery-icon portrait'>\n\t\t\t\t<a href='http:\/\/jalle-astro.fr\/wp\/wp-content\/uploads\/2025\/04\/table-equatoriale-et-telescope_infographie-2.jpg'><img loading=\"lazy\" decoding=\"async\" width=\"169\" height=\"250\" src=\"http:\/\/jalle-astro.fr\/wp\/wp-content\/uploads\/2025\/04\/table-equatoriale-et-telescope_infographie-2-169x250.jpg\" class=\"attachment-medium size-medium\" alt=\"\" srcset=\"http:\/\/jalle-astro.fr\/wp\/wp-content\/uploads\/2025\/04\/table-equatoriale-et-telescope_infographie-2-169x250.jpg 169w, http:\/\/jalle-astro.fr\/wp\/wp-content\/uploads\/2025\/04\/table-equatoriale-et-telescope_infographie-2-271x400.jpg 271w, http:\/\/jalle-astro.fr\/wp\/wp-content\/uploads\/2025\/04\/table-equatoriale-et-telescope_infographie-2-102x150.jpg 102w, http:\/\/jalle-astro.fr\/wp\/wp-content\/uploads\/2025\/04\/table-equatoriale-et-telescope_infographie-2-768x1135.jpg 768w, http:\/\/jalle-astro.fr\/wp\/wp-content\/uploads\/2025\/04\/table-equatoriale-et-telescope_infographie-2-1040x1536.jpg 1040w, http:\/\/jalle-astro.fr\/wp\/wp-content\/uploads\/2025\/04\/table-equatoriale-et-telescope_infographie-2-149x220.jpg 149w, http:\/\/jalle-astro.fr\/wp\/wp-content\/uploads\/2025\/04\/table-equatoriale-et-telescope_infographie-2.jpg 1386w\" sizes=\"auto, (max-width: 169px) 100vw, 169px\" \/><\/a>\n\t\t\t<\/div><\/figure><figure class='gallery-item'>\n\t\t\t<div class='gallery-icon portrait'>\n\t\t\t\t<a href='http:\/\/jalle-astro.fr\/wp\/wp-content\/uploads\/2025\/04\/table-equatoriale-et-telescope_mdn-2.jpg'><img loading=\"lazy\" decoding=\"async\" width=\"169\" height=\"250\" src=\"http:\/\/jalle-astro.fr\/wp\/wp-content\/uploads\/2025\/04\/table-equatoriale-et-telescope_mdn-2-169x250.jpg\" class=\"attachment-medium size-medium\" alt=\"\" srcset=\"http:\/\/jalle-astro.fr\/wp\/wp-content\/uploads\/2025\/04\/table-equatoriale-et-telescope_mdn-2-169x250.jpg 169w, http:\/\/jalle-astro.fr\/wp\/wp-content\/uploads\/2025\/04\/table-equatoriale-et-telescope_mdn-2-271x400.jpg 271w, http:\/\/jalle-astro.fr\/wp\/wp-content\/uploads\/2025\/04\/table-equatoriale-et-telescope_mdn-2-102x150.jpg 102w, http:\/\/jalle-astro.fr\/wp\/wp-content\/uploads\/2025\/04\/table-equatoriale-et-telescope_mdn-2-768x1135.jpg 768w, http:\/\/jalle-astro.fr\/wp\/wp-content\/uploads\/2025\/04\/table-equatoriale-et-telescope_mdn-2-1040x1536.jpg 1040w, http:\/\/jalle-astro.fr\/wp\/wp-content\/uploads\/2025\/04\/table-equatoriale-et-telescope_mdn-2-149x220.jpg 149w, http:\/\/jalle-astro.fr\/wp\/wp-content\/uploads\/2025\/04\/table-equatoriale-et-telescope_mdn-2.jpg 1386w\" sizes=\"auto, (max-width: 169px) 100vw, 169px\" \/><\/a>\n\t\t\t<\/div><\/figure><figure class='gallery-item'>\n\t\t\t<div class='gallery-icon portrait'>\n\t\t\t\t<a href='http:\/\/jalle-astro.fr\/wp\/wp-content\/uploads\/2025\/04\/table-equatoriale-telescope_movl.png'><img loading=\"lazy\" decoding=\"async\" width=\"165\" height=\"250\" src=\"http:\/\/jalle-astro.fr\/wp\/wp-content\/uploads\/2025\/04\/table-equatoriale-telescope_movl-165x250.png\" class=\"attachment-medium size-medium\" alt=\"\" srcset=\"http:\/\/jalle-astro.fr\/wp\/wp-content\/uploads\/2025\/04\/table-equatoriale-telescope_movl-165x250.png 165w, http:\/\/jalle-astro.fr\/wp\/wp-content\/uploads\/2025\/04\/table-equatoriale-telescope_movl-264x400.png 264w, http:\/\/jalle-astro.fr\/wp\/wp-content\/uploads\/2025\/04\/table-equatoriale-telescope_movl-99x150.png 99w, http:\/\/jalle-astro.fr\/wp\/wp-content\/uploads\/2025\/04\/table-equatoriale-telescope_movl-768x1163.png 768w, http:\/\/jalle-astro.fr\/wp\/wp-content\/uploads\/2025\/04\/table-equatoriale-telescope_movl-1014x1536.png 1014w, http:\/\/jalle-astro.fr\/wp\/wp-content\/uploads\/2025\/04\/table-equatoriale-telescope_movl-145x220.png 145w, http:\/\/jalle-astro.fr\/wp\/wp-content\/uploads\/2025\/04\/table-equatoriale-telescope_movl.png 1352w\" sizes=\"auto, (max-width: 165px) 100vw, 165px\" \/><\/a>\n\t\t\t<\/div><\/figure>\n\t\t<\/div>\n<\/li>\n<li><strong>l\u2019Equatoriale photographique,<\/strong> astrographe de la carte du ciel, avec laquelle \u00e9taient prises des photos sur plaque de verre pour r\u00e9aliser des cartes du ciel.<div id='gallery-4' class='gallery galleryid-433477 gallery-columns-5 gallery-size-large'><figure class='gallery-item'>\n\t\t\t<div class='gallery-icon portrait'>\n\t\t\t\t<a href='http:\/\/jalle-astro.fr\/wp\/wp-content\/uploads\/2025\/04\/25-04-16-Observatoire-BX-Floirac_1_mvl.jpg'><img loading=\"lazy\" decoding=\"async\" width=\"300\" height=\"400\" src=\"http:\/\/jalle-astro.fr\/wp\/wp-content\/uploads\/2025\/04\/25-04-16-Observatoire-BX-Floirac_1_mvl-300x400.jpg\" class=\"attachment-large size-large\" alt=\"\" srcset=\"http:\/\/jalle-astro.fr\/wp\/wp-content\/uploads\/2025\/04\/25-04-16-Observatoire-BX-Floirac_1_mvl-300x400.jpg 300w, http:\/\/jalle-astro.fr\/wp\/wp-content\/uploads\/2025\/04\/25-04-16-Observatoire-BX-Floirac_1_mvl-188x250.jpg 188w, http:\/\/jalle-astro.fr\/wp\/wp-content\/uploads\/2025\/04\/25-04-16-Observatoire-BX-Floirac_1_mvl-113x150.jpg 113w, http:\/\/jalle-astro.fr\/wp\/wp-content\/uploads\/2025\/04\/25-04-16-Observatoire-BX-Floirac_1_mvl-165x220.jpg 165w, http:\/\/jalle-astro.fr\/wp\/wp-content\/uploads\/2025\/04\/25-04-16-Observatoire-BX-Floirac_1_mvl.jpg 768w\" sizes=\"auto, (max-width: 300px) 100vw, 300px\" \/><\/a>\n\t\t\t<\/div><\/figure><figure class='gallery-item'>\n\t\t\t<div class='gallery-icon portrait'>\n\t\t\t\t<a href='http:\/\/jalle-astro.fr\/wp\/wp-content\/uploads\/2025\/04\/25-04-16-Observatoire-BX-Floirac_29_movl.jpg'><img loading=\"lazy\" decoding=\"async\" width=\"180\" height=\"400\" src=\"http:\/\/jalle-astro.fr\/wp\/wp-content\/uploads\/2025\/04\/25-04-16-Observatoire-BX-Floirac_29_movl-180x400.jpg\" class=\"attachment-large size-large\" alt=\"\" srcset=\"http:\/\/jalle-astro.fr\/wp\/wp-content\/uploads\/2025\/04\/25-04-16-Observatoire-BX-Floirac_29_movl-180x400.jpg 180w, http:\/\/jalle-astro.fr\/wp\/wp-content\/uploads\/2025\/04\/25-04-16-Observatoire-BX-Floirac_29_movl-112x250.jpg 112w, http:\/\/jalle-astro.fr\/wp\/wp-content\/uploads\/2025\/04\/25-04-16-Observatoire-BX-Floirac_29_movl-67x150.jpg 67w, http:\/\/jalle-astro.fr\/wp\/wp-content\/uploads\/2025\/04\/25-04-16-Observatoire-BX-Floirac_29_movl-99x220.jpg 99w, http:\/\/jalle-astro.fr\/wp\/wp-content\/uploads\/2025\/04\/25-04-16-Observatoire-BX-Floirac_29_movl.jpg 460w\" sizes=\"auto, (max-width: 180px) 100vw, 180px\" \/><\/a>\n\t\t\t<\/div><\/figure><figure class='gallery-item'>\n\t\t\t<div class='gallery-icon portrait'>\n\t\t\t\t<a href='http:\/\/jalle-astro.fr\/wp\/wp-content\/uploads\/2025\/04\/1000055961.jpg'><img loading=\"lazy\" decoding=\"async\" width=\"246\" height=\"400\" src=\"http:\/\/jalle-astro.fr\/wp\/wp-content\/uploads\/2025\/04\/1000055961-246x400.jpg\" class=\"attachment-large size-large\" alt=\"\" srcset=\"http:\/\/jalle-astro.fr\/wp\/wp-content\/uploads\/2025\/04\/1000055961-246x400.jpg 246w, http:\/\/jalle-astro.fr\/wp\/wp-content\/uploads\/2025\/04\/1000055961-154x250.jpg 154w, http:\/\/jalle-astro.fr\/wp\/wp-content\/uploads\/2025\/04\/1000055961-92x150.jpg 92w, http:\/\/jalle-astro.fr\/wp\/wp-content\/uploads\/2025\/04\/1000055961-136x220.jpg 136w, http:\/\/jalle-astro.fr\/wp\/wp-content\/uploads\/2025\/04\/1000055961.jpg 631w\" sizes=\"auto, (max-width: 246px) 100vw, 246px\" \/><\/a>\n\t\t\t<\/div><\/figure><figure class='gallery-item'>\n\t\t\t<div class='gallery-icon portrait'>\n\t\t\t\t<a href='http:\/\/jalle-astro.fr\/wp\/wp-content\/uploads\/2025\/04\/Equatoriale-photographie_mdn.jpg'><img loading=\"lazy\" decoding=\"async\" width=\"300\" height=\"400\" src=\"http:\/\/jalle-astro.fr\/wp\/wp-content\/uploads\/2025\/04\/Equatoriale-photographie_mdn-300x400.jpg\" class=\"attachment-large size-large\" alt=\"\" srcset=\"http:\/\/jalle-astro.fr\/wp\/wp-content\/uploads\/2025\/04\/Equatoriale-photographie_mdn-300x400.jpg 300w, http:\/\/jalle-astro.fr\/wp\/wp-content\/uploads\/2025\/04\/Equatoriale-photographie_mdn-188x250.jpg 188w, http:\/\/jalle-astro.fr\/wp\/wp-content\/uploads\/2025\/04\/Equatoriale-photographie_mdn-113x150.jpg 113w, http:\/\/jalle-astro.fr\/wp\/wp-content\/uploads\/2025\/04\/Equatoriale-photographie_mdn-165x220.jpg 165w, http:\/\/jalle-astro.fr\/wp\/wp-content\/uploads\/2025\/04\/Equatoriale-photographie_mdn.jpg 768w\" sizes=\"auto, (max-width: 300px) 100vw, 300px\" \/><\/a>\n\t\t\t<\/div><\/figure><figure class='gallery-item'>\n\t\t\t<div class='gallery-icon portrait'>\n\t\t\t\t<a href='http:\/\/jalle-astro.fr\/wp\/wp-content\/uploads\/2025\/04\/image.png'><img loading=\"lazy\" decoding=\"async\" width=\"292\" height=\"400\" src=\"http:\/\/jalle-astro.fr\/wp\/wp-content\/uploads\/2025\/04\/image-292x400.png\" class=\"attachment-large size-large\" alt=\"\" srcset=\"http:\/\/jalle-astro.fr\/wp\/wp-content\/uploads\/2025\/04\/image-292x400.png 292w, http:\/\/jalle-astro.fr\/wp\/wp-content\/uploads\/2025\/04\/image-183x250.png 183w, http:\/\/jalle-astro.fr\/wp\/wp-content\/uploads\/2025\/04\/image-110x150.png 110w, http:\/\/jalle-astro.fr\/wp\/wp-content\/uploads\/2025\/04\/image-161x220.png 161w, http:\/\/jalle-astro.fr\/wp\/wp-content\/uploads\/2025\/04\/image.png 748w\" sizes=\"auto, (max-width: 292px) 100vw, 292px\" \/><\/a>\n\t\t\t<\/div><\/figure>\n\t\t<\/div>\n<\/li>\n<li><strong>La Grande Lunette Equatoriale <\/strong>qui a permis de d\u00e9couvrir des ast\u00e9ro\u00efdes \u00e0 la fin du 19<sup>\u00e8me<\/sup> si\u00e8cle, puis de faire des observations de com\u00e8tes, d&rsquo;\u00e9toiles doubles puis de Jupiter, Saturne et leurs satellites. Par ailleurs cette coupole a \u00e9t\u00e9 \u00e9quip\u00e9e en biblioth\u00e8ques de science-fiction dans le cadre du projet\u00a0 \u00ables\u00a0 vaisseaux de Bordeaux \u00bb de l\u2019artiste Suzanne Triester.<div id='gallery-5' class='gallery galleryid-433477 gallery-columns-7 gallery-size-large'><figure class='gallery-item'>\n\t\t\t<div class='gallery-icon portrait'>\n\t\t\t\t<a href='http:\/\/jalle-astro.fr\/wp\/wp-content\/uploads\/2025\/04\/25-04-16-Observatoire-BX-Floirac_8_mvl.jpg'><img loading=\"lazy\" decoding=\"async\" width=\"180\" height=\"400\" src=\"http:\/\/jalle-astro.fr\/wp\/wp-content\/uploads\/2025\/04\/25-04-16-Observatoire-BX-Floirac_8_mvl-180x400.jpg\" class=\"attachment-large size-large\" alt=\"\" srcset=\"http:\/\/jalle-astro.fr\/wp\/wp-content\/uploads\/2025\/04\/25-04-16-Observatoire-BX-Floirac_8_mvl-180x400.jpg 180w, http:\/\/jalle-astro.fr\/wp\/wp-content\/uploads\/2025\/04\/25-04-16-Observatoire-BX-Floirac_8_mvl-113x250.jpg 113w, http:\/\/jalle-astro.fr\/wp\/wp-content\/uploads\/2025\/04\/25-04-16-Observatoire-BX-Floirac_8_mvl-68x150.jpg 68w, http:\/\/jalle-astro.fr\/wp\/wp-content\/uploads\/2025\/04\/25-04-16-Observatoire-BX-Floirac_8_mvl-691x1536.jpg 691w, http:\/\/jalle-astro.fr\/wp\/wp-content\/uploads\/2025\/04\/25-04-16-Observatoire-BX-Floirac_8_mvl-99x220.jpg 99w, http:\/\/jalle-astro.fr\/wp\/wp-content\/uploads\/2025\/04\/25-04-16-Observatoire-BX-Floirac_8_mvl.jpg 720w\" sizes=\"auto, (max-width: 180px) 100vw, 180px\" \/><\/a>\n\t\t\t<\/div><\/figure><figure class='gallery-item'>\n\t\t\t<div class='gallery-icon portrait'>\n\t\t\t\t<a href='http:\/\/jalle-astro.fr\/wp\/wp-content\/uploads\/2025\/04\/25-04-16-Observatoire-BX-Floirac_18_movl.jpg'><img loading=\"lazy\" decoding=\"async\" width=\"180\" height=\"400\" src=\"http:\/\/jalle-astro.fr\/wp\/wp-content\/uploads\/2025\/04\/25-04-16-Observatoire-BX-Floirac_18_movl-180x400.jpg\" class=\"attachment-large size-large\" alt=\"\" srcset=\"http:\/\/jalle-astro.fr\/wp\/wp-content\/uploads\/2025\/04\/25-04-16-Observatoire-BX-Floirac_18_movl-180x400.jpg 180w, http:\/\/jalle-astro.fr\/wp\/wp-content\/uploads\/2025\/04\/25-04-16-Observatoire-BX-Floirac_18_movl-113x250.jpg 113w, http:\/\/jalle-astro.fr\/wp\/wp-content\/uploads\/2025\/04\/25-04-16-Observatoire-BX-Floirac_18_movl-68x150.jpg 68w, http:\/\/jalle-astro.fr\/wp\/wp-content\/uploads\/2025\/04\/25-04-16-Observatoire-BX-Floirac_18_movl-691x1536.jpg 691w, http:\/\/jalle-astro.fr\/wp\/wp-content\/uploads\/2025\/04\/25-04-16-Observatoire-BX-Floirac_18_movl-99x220.jpg 99w, http:\/\/jalle-astro.fr\/wp\/wp-content\/uploads\/2025\/04\/25-04-16-Observatoire-BX-Floirac_18_movl.jpg 720w\" sizes=\"auto, (max-width: 180px) 100vw, 180px\" \/><\/a>\n\t\t\t<\/div><\/figure><figure class='gallery-item'>\n\t\t\t<div class='gallery-icon portrait'>\n\t\t\t\t<a href='http:\/\/jalle-astro.fr\/wp\/wp-content\/uploads\/2025\/04\/25-04-16-Observatoire-BX-Floirac_19_movl.jpg'><img loading=\"lazy\" decoding=\"async\" width=\"180\" height=\"400\" src=\"http:\/\/jalle-astro.fr\/wp\/wp-content\/uploads\/2025\/04\/25-04-16-Observatoire-BX-Floirac_19_movl-180x400.jpg\" class=\"attachment-large size-large\" alt=\"\" srcset=\"http:\/\/jalle-astro.fr\/wp\/wp-content\/uploads\/2025\/04\/25-04-16-Observatoire-BX-Floirac_19_movl-180x400.jpg 180w, http:\/\/jalle-astro.fr\/wp\/wp-content\/uploads\/2025\/04\/25-04-16-Observatoire-BX-Floirac_19_movl-113x250.jpg 113w, http:\/\/jalle-astro.fr\/wp\/wp-content\/uploads\/2025\/04\/25-04-16-Observatoire-BX-Floirac_19_movl-68x150.jpg 68w, http:\/\/jalle-astro.fr\/wp\/wp-content\/uploads\/2025\/04\/25-04-16-Observatoire-BX-Floirac_19_movl-692x1536.jpg 692w, http:\/\/jalle-astro.fr\/wp\/wp-content\/uploads\/2025\/04\/25-04-16-Observatoire-BX-Floirac_19_movl-99x220.jpg 99w, http:\/\/jalle-astro.fr\/wp\/wp-content\/uploads\/2025\/04\/25-04-16-Observatoire-BX-Floirac_19_movl.jpg 721w\" sizes=\"auto, (max-width: 180px) 100vw, 180px\" \/><\/a>\n\t\t\t<\/div><\/figure><figure class='gallery-item'>\n\t\t\t<div class='gallery-icon portrait'>\n\t\t\t\t<a href='http:\/\/jalle-astro.fr\/wp\/wp-content\/uploads\/2025\/04\/25-04-16-Observatoire-BX-Floirac_22_movl.jpg'><img loading=\"lazy\" decoding=\"async\" width=\"180\" height=\"400\" src=\"http:\/\/jalle-astro.fr\/wp\/wp-content\/uploads\/2025\/04\/25-04-16-Observatoire-BX-Floirac_22_movl-180x400.jpg\" class=\"attachment-large size-large\" alt=\"\" srcset=\"http:\/\/jalle-astro.fr\/wp\/wp-content\/uploads\/2025\/04\/25-04-16-Observatoire-BX-Floirac_22_movl-180x400.jpg 180w, http:\/\/jalle-astro.fr\/wp\/wp-content\/uploads\/2025\/04\/25-04-16-Observatoire-BX-Floirac_22_movl-113x250.jpg 113w, http:\/\/jalle-astro.fr\/wp\/wp-content\/uploads\/2025\/04\/25-04-16-Observatoire-BX-Floirac_22_movl-68x150.jpg 68w, http:\/\/jalle-astro.fr\/wp\/wp-content\/uploads\/2025\/04\/25-04-16-Observatoire-BX-Floirac_22_movl-691x1536.jpg 691w, http:\/\/jalle-astro.fr\/wp\/wp-content\/uploads\/2025\/04\/25-04-16-Observatoire-BX-Floirac_22_movl-99x220.jpg 99w, http:\/\/jalle-astro.fr\/wp\/wp-content\/uploads\/2025\/04\/25-04-16-Observatoire-BX-Floirac_22_movl.jpg 720w\" sizes=\"auto, (max-width: 180px) 100vw, 180px\" \/><\/a>\n\t\t\t<\/div><\/figure><figure class='gallery-item'>\n\t\t\t<div class='gallery-icon portrait'>\n\t\t\t\t<a href='http:\/\/jalle-astro.fr\/wp\/wp-content\/uploads\/2025\/04\/1000055968.png'><img loading=\"lazy\" decoding=\"async\" width=\"264\" height=\"400\" src=\"http:\/\/jalle-astro.fr\/wp\/wp-content\/uploads\/2025\/04\/1000055968-264x400.png\" class=\"attachment-large size-large\" alt=\"\" srcset=\"http:\/\/jalle-astro.fr\/wp\/wp-content\/uploads\/2025\/04\/1000055968-264x400.png 264w, http:\/\/jalle-astro.fr\/wp\/wp-content\/uploads\/2025\/04\/1000055968-165x250.png 165w, http:\/\/jalle-astro.fr\/wp\/wp-content\/uploads\/2025\/04\/1000055968-99x150.png 99w, http:\/\/jalle-astro.fr\/wp\/wp-content\/uploads\/2025\/04\/1000055968-768x1165.png 768w, http:\/\/jalle-astro.fr\/wp\/wp-content\/uploads\/2025\/04\/1000055968-1013x1536.png 1013w, http:\/\/jalle-astro.fr\/wp\/wp-content\/uploads\/2025\/04\/1000055968-145x220.png 145w, http:\/\/jalle-astro.fr\/wp\/wp-content\/uploads\/2025\/04\/1000055968.png 1055w\" sizes=\"auto, (max-width: 264px) 100vw, 264px\" \/><\/a>\n\t\t\t<\/div><\/figure><figure class='gallery-item'>\n\t\t\t<div class='gallery-icon portrait'>\n\t\t\t\t<a href='http:\/\/jalle-astro.fr\/wp\/wp-content\/uploads\/2025\/04\/1000055969-scaled.jpg'><img loading=\"lazy\" decoding=\"async\" width=\"180\" height=\"400\" src=\"http:\/\/jalle-astro.fr\/wp\/wp-content\/uploads\/2025\/04\/1000055969-180x400.jpg\" class=\"attachment-large size-large\" alt=\"\" srcset=\"http:\/\/jalle-astro.fr\/wp\/wp-content\/uploads\/2025\/04\/1000055969-180x400.jpg 180w, http:\/\/jalle-astro.fr\/wp\/wp-content\/uploads\/2025\/04\/1000055969-113x250.jpg 113w, http:\/\/jalle-astro.fr\/wp\/wp-content\/uploads\/2025\/04\/1000055969-68x150.jpg 68w, http:\/\/jalle-astro.fr\/wp\/wp-content\/uploads\/2025\/04\/1000055969-768x1707.jpg 768w, http:\/\/jalle-astro.fr\/wp\/wp-content\/uploads\/2025\/04\/1000055969-691x1536.jpg 691w, http:\/\/jalle-astro.fr\/wp\/wp-content\/uploads\/2025\/04\/1000055969-922x2048.jpg 922w, http:\/\/jalle-astro.fr\/wp\/wp-content\/uploads\/2025\/04\/1000055969-99x220.jpg 99w, http:\/\/jalle-astro.fr\/wp\/wp-content\/uploads\/2025\/04\/1000055969-scaled.jpg 1152w\" sizes=\"auto, (max-width: 180px) 100vw, 180px\" \/><\/a>\n\t\t\t<\/div><\/figure><figure class='gallery-item'>\n\t\t\t<div class='gallery-icon portrait'>\n\t\t\t\t<a href='http:\/\/jalle-astro.fr\/wp\/wp-content\/uploads\/2025\/04\/grande-lunette-equatoriale_infographie.jpg'><img loading=\"lazy\" decoding=\"async\" width=\"263\" height=\"400\" src=\"http:\/\/jalle-astro.fr\/wp\/wp-content\/uploads\/2025\/04\/grande-lunette-equatoriale_infographie-263x400.jpg\" class=\"attachment-large size-large\" alt=\"\" srcset=\"http:\/\/jalle-astro.fr\/wp\/wp-content\/uploads\/2025\/04\/grande-lunette-equatoriale_infographie-263x400.jpg 263w, http:\/\/jalle-astro.fr\/wp\/wp-content\/uploads\/2025\/04\/grande-lunette-equatoriale_infographie-164x250.jpg 164w, http:\/\/jalle-astro.fr\/wp\/wp-content\/uploads\/2025\/04\/grande-lunette-equatoriale_infographie-98x150.jpg 98w, http:\/\/jalle-astro.fr\/wp\/wp-content\/uploads\/2025\/04\/grande-lunette-equatoriale_infographie-768x1170.jpg 768w, http:\/\/jalle-astro.fr\/wp\/wp-content\/uploads\/2025\/04\/grande-lunette-equatoriale_infographie-1008x1536.jpg 1008w, http:\/\/jalle-astro.fr\/wp\/wp-content\/uploads\/2025\/04\/grande-lunette-equatoriale_infographie-144x220.jpg 144w, http:\/\/jalle-astro.fr\/wp\/wp-content\/uploads\/2025\/04\/grande-lunette-equatoriale_infographie.jpg 1344w\" sizes=\"auto, (max-width: 263px) 100vw, 263px\" \/><\/a>\n\t\t\t<\/div><\/figure>\n\t\t<\/div>\n<\/li>\n<li><\/li>\n<\/ul>\n<p><span style=\"font-size: 14pt;\"><strong>puis nous avons pu voir les vestiges du Radiot\u00e9lescope d&rsquo;origine allemande, r\u00e9cup\u00e9r\u00e9 \u00e0 la fin de la 2\u00e8me guerre mondiale et qui \u00e9tait encore en service il y a une dizaine d&rsquo;ann\u00e9es.<\/strong><\/span><\/p>\n<div id='gallery-6' class='gallery galleryid-433477 gallery-columns-1 gallery-size-large'><figure class='gallery-item'>\n\t\t\t<div class='gallery-icon portrait'>\n\t\t\t\t<a href='http:\/\/jalle-astro.fr\/wp\/wp-content\/uploads\/2025\/04\/25-04-16-Observatoire-BX-Floirac_2_mvl.jpg'><img loading=\"lazy\" decoding=\"async\" width=\"225\" height=\"400\" src=\"http:\/\/jalle-astro.fr\/wp\/wp-content\/uploads\/2025\/04\/25-04-16-Observatoire-BX-Floirac_2_mvl-225x400.jpg\" class=\"attachment-large size-large\" alt=\"\" srcset=\"http:\/\/jalle-astro.fr\/wp\/wp-content\/uploads\/2025\/04\/25-04-16-Observatoire-BX-Floirac_2_mvl-225x400.jpg 225w, http:\/\/jalle-astro.fr\/wp\/wp-content\/uploads\/2025\/04\/25-04-16-Observatoire-BX-Floirac_2_mvl-141x250.jpg 141w, http:\/\/jalle-astro.fr\/wp\/wp-content\/uploads\/2025\/04\/25-04-16-Observatoire-BX-Floirac_2_mvl-84x150.jpg 84w, http:\/\/jalle-astro.fr\/wp\/wp-content\/uploads\/2025\/04\/25-04-16-Observatoire-BX-Floirac_2_mvl-768x1365.jpg 768w, http:\/\/jalle-astro.fr\/wp\/wp-content\/uploads\/2025\/04\/25-04-16-Observatoire-BX-Floirac_2_mvl-864x1536.jpg 864w, http:\/\/jalle-astro.fr\/wp\/wp-content\/uploads\/2025\/04\/25-04-16-Observatoire-BX-Floirac_2_mvl-124x220.jpg 124w, http:\/\/jalle-astro.fr\/wp\/wp-content\/uploads\/2025\/04\/25-04-16-Observatoire-BX-Floirac_2_mvl.jpg 900w\" sizes=\"auto, (max-width: 225px) 100vw, 225px\" \/><\/a>\n\t\t\t<\/div><\/figure>\n\t\t<\/div>\n\n<p><span style=\"font-size: 14pt;\"><strong>L&rsquo;Observatoire de Bordeaux-Floirac, toujours propri\u00e9t\u00e9 de l\u2019Universit\u00e9, est aujourd\u2019hui \u00e0 la recherche d\u2019un projet pour p\u00e9renniser le site afin de ne pas faire dispara\u00eetre tous ces mat\u00e9riels charg\u00e9s d\u2019histoire et qui illustrent l\u2019\u00e9volution de l\u2019astronomie \u00e0 Bordeaux depuis 150 ans.<\/strong><\/span><\/p>\n<h3><span style=\"font-size: 14pt;\">Actuellement il y a dans le parc gr\u00e2ce \u00e0 la for\u00eat existante un programme de suivi de la r\u00e9action d\u2019une for\u00eat urbaine au changement climatique.<\/span><\/h3>\n<p><span style=\"font-size: 14pt;\"><strong>JALLE ASTRONOMIE remercie chaleureusement Nathalie Brouillet pour nous avoir fait d\u00e9couvrir ou red\u00e9couvrir ce site historique de l\u2019astronomie \u00e0 Bordeaux.<\/strong><\/span><\/p>\n<p><em>pr\u00e9par\u00e9 par Michel Vidal, gr\u00e2ce aux images de Monique, Mireille, David et Michel<\/em><\/p>\n<div class=\"fcbkbttn_buttons_block\" id=\"fcbkbttn_left\"><div class=\"fb-share-button  \" data-href=\"http:\/\/jalle-astro.fr\/wp\/visite-de-lobservatoire-astronomique-de-bordeaux-floirac\/\" data-type=\"button\" data-size=\"small\"><\/div><\/div>","protected":false},"excerpt":{"rendered":"<p>JALLE ASTRONOMIE a organis\u00e9 le 16 avril 2025, dans le cadre de son programme de sorties, la visite de ce lieu embl\u00e9matique de l\u2019astronomie bordelaise, &hellip;<\/p>\n","protected":false},"author":22,"featured_media":432601,"comment_status":"closed","ping_status":"closed","sticky":false,"template":"","format":"standard","meta":{"_monsterinsights_skip_tracking":false,"_monsterinsights_sitenote_active":false,"_monsterinsights_sitenote_note":"","_monsterinsights_sitenote_category":0,"footnotes":""},"categories":[15],"tags":[165],"class_list":["post-433477","post","type-post","status-publish","format-standard","has-post-thumbnail","hentry","category-sorties","tag-observatoire"],"_links":{"self":[{"href":"http:\/\/jalle-astro.fr\/wp\/wp-json\/wp\/v2\/posts\/433477","targetHints":{"allow":["GET"]}}],"collection":[{"href":"http:\/\/jalle-astro.fr\/wp\/wp-json\/wp\/v2\/posts"}],"about":[{"href":"http:\/\/jalle-astro.fr\/wp\/wp-json\/wp\/v2\/types\/post"}],"author":[{"embeddable":true,"href":"http:\/\/jalle-astro.fr\/wp\/wp-json\/wp\/v2\/users\/22"}],"replies":[{"embeddable":true,"href":"http:\/\/jalle-astro.fr\/wp\/wp-json\/wp\/v2\/comments?post=433477"}],"version-history":[{"count":2,"href":"http:\/\/jalle-astro.fr\/wp\/wp-json\/wp\/v2\/posts\/433477\/revisions"}],"predecessor-version":[{"id":433479,"href":"http:\/\/jalle-astro.fr\/wp\/wp-json\/wp\/v2\/posts\/433477\/revisions\/433479"}],"wp:featuredmedia":[{"embeddable":true,"href":"http:\/\/jalle-astro.fr\/wp\/wp-json\/wp\/v2\/media\/432601"}],"wp:attachment":[{"href":"http:\/\/jalle-astro.fr\/wp\/wp-json\/wp\/v2\/media?parent=433477"}],"wp:term":[{"taxonomy":"category","embeddable":true,"href":"http:\/\/jalle-astro.fr\/wp\/wp-json\/wp\/v2\/categories?post=433477"},{"taxonomy":"post_tag","embeddable":true,"href":"http:\/\/jalle-astro.fr\/wp\/wp-json\/wp\/v2\/tags?post=433477"}],"curies":[{"name":"wp","href":"https:\/\/api.w.org\/{rel}","templated":true}]}}