{"id":430590,"date":"2023-06-14T07:53:06","date_gmt":"2023-06-14T06:53:06","guid":{"rendered":"http:\/\/jalle-astro.fr\/wp\/?p=430590"},"modified":"2024-02-23T12:43:10","modified_gmt":"2024-02-23T11:43:10","slug":"le-soleil-a-rendez-vous-avec-la-lune-le-24-juin-2023-avec-jalle-astronomie","status":"publish","type":"post","link":"http:\/\/jalle-astro.fr\/wp\/le-soleil-a-rendez-vous-avec-la-lune-le-24-juin-2023-avec-jalle-astronomie\/","title":{"rendered":"LE SOLEIL a RENDEZ-VOUS avec la LUNE, le 24 juin 2023, avec JALLE ASTRONOMIE"},"content":{"rendered":"<p>Suite \u00e0 la F\u00caTE DU SOLEIL qui se d\u00e9roulera le 24 juin de 14h30 \u00e0 18h, sur le site de notre\u00a0 Observatoire \u00e0 Martignas-sur-jalle,\u00a0 JALLE ASTRONOMIE vous invite \u00e0 observer la LUNE dans le cadre de la manifestation <strong>ON THE\u00a0 MOON AGAIN.<\/strong><\/p>\n<p class=\"font_8 wixui-rich-text__text\" style=\"text-align: justify;\"><em><span class=\"wixui-rich-text__text\"><span class=\"color_12 wixui-rich-text__text\">\u00ab\u00a0Tous les ans d\u00e9sormais depuis le 50\u00e8me anniversaire des premiers pas de l&rsquo;Homme sur la Lune, l\u2019envie nous prend d\u2019\u00e9prouver cet enthousiasme pour la Lune dans un mouvement mondial, universel, d\u00e9passant toutes les fronti\u00e8res.\u00a0 \u00a0\u00bb Comment ? Rien de plus simple. Nous souhaitons que chacun, petit ou grand, puisse d\u00e9couvrir la Lune au travers d\u2019un t\u00e9lescope ou d\u2019une lunette astronomique. Surprenez les passants en leur offrant ce spectacle inattendu. <\/span><\/span><span class=\"wixui-rich-text__text\"><span class=\"color_12 wixui-rich-text__text\">Vous avez un instrument d\u2019observation,\u00a0 installez le au coin d\u2019une rue, au bord d\u2019une rivi\u00e8re, sur la place d\u2019un village\u00a0\u00bb<\/span><\/span><\/em><\/p>\n<div id='gallery-1' class='gallery galleryid-430590 gallery-columns-1 gallery-size-full'><figure class='gallery-item'>\n\t\t\t<div class='gallery-icon landscape'>\n\t\t\t\t<a href='http:\/\/jalle-astro.fr\/wp\/wp-content\/uploads\/2023\/06\/23-06-24-On-the-moon-again.PNG_V1-1.png'><img loading=\"lazy\" decoding=\"async\" width=\"1150\" height=\"575\" src=\"http:\/\/jalle-astro.fr\/wp\/wp-content\/uploads\/2023\/06\/23-06-24-On-the-moon-again.PNG_V1-1.png\" class=\"attachment-full size-full\" alt=\"\" srcset=\"http:\/\/jalle-astro.fr\/wp\/wp-content\/uploads\/2023\/06\/23-06-24-On-the-moon-again.PNG_V1-1.png 1150w, http:\/\/jalle-astro.fr\/wp\/wp-content\/uploads\/2023\/06\/23-06-24-On-the-moon-again.PNG_V1-1-250x125.png 250w, http:\/\/jalle-astro.fr\/wp\/wp-content\/uploads\/2023\/06\/23-06-24-On-the-moon-again.PNG_V1-1-400x200.png 400w, http:\/\/jalle-astro.fr\/wp\/wp-content\/uploads\/2023\/06\/23-06-24-On-the-moon-again.PNG_V1-1-150x75.png 150w, http:\/\/jalle-astro.fr\/wp\/wp-content\/uploads\/2023\/06\/23-06-24-On-the-moon-again.PNG_V1-1-768x384.png 768w, http:\/\/jalle-astro.fr\/wp\/wp-content\/uploads\/2023\/06\/23-06-24-On-the-moon-again.PNG_V1-1-390x195.png 390w\" sizes=\"auto, (max-width: 1150px) 100vw, 1150px\" \/><\/a>\n\t\t\t<\/div><\/figure>\n\t\t<\/div>\n\n<p><strong>Pour vous aider dans cette d\u00e9marche, les astronomes amateurs de JALLE ASTRONOMIE installeront leurs t\u00e9lescopes et lunettes \u00e0 divers endroits de Martignas et de St Jean d&rsquo;Illac pour permettre aux plus curieux d&rsquo;observer notre satellite dans les meilleures conditions.<\/strong><\/p>\n<div id='gallery-2' class='gallery galleryid-430590 gallery-columns-1 gallery-size-large'><figure class='gallery-item'>\n\t\t\t<div class='gallery-icon portrait'>\n\t\t\t\t<a href='http:\/\/jalle-astro.fr\/wp\/wp-content\/uploads\/2023\/06\/Modele-A4-Portrait_Martignas-1.jpg'><img loading=\"lazy\" decoding=\"async\" width=\"283\" height=\"400\" src=\"http:\/\/jalle-astro.fr\/wp\/wp-content\/uploads\/2023\/06\/Modele-A4-Portrait_Martignas-1-283x400.jpg\" class=\"attachment-large size-large\" alt=\"\" srcset=\"http:\/\/jalle-astro.fr\/wp\/wp-content\/uploads\/2023\/06\/Modele-A4-Portrait_Martignas-1-283x400.jpg 283w, http:\/\/jalle-astro.fr\/wp\/wp-content\/uploads\/2023\/06\/Modele-A4-Portrait_Martignas-1-177x250.jpg 177w, http:\/\/jalle-astro.fr\/wp\/wp-content\/uploads\/2023\/06\/Modele-A4-Portrait_Martignas-1-106x150.jpg 106w, http:\/\/jalle-astro.fr\/wp\/wp-content\/uploads\/2023\/06\/Modele-A4-Portrait_Martignas-1-768x1086.jpg 768w, http:\/\/jalle-astro.fr\/wp\/wp-content\/uploads\/2023\/06\/Modele-A4-Portrait_Martignas-1-1086x1536.jpg 1086w, http:\/\/jalle-astro.fr\/wp\/wp-content\/uploads\/2023\/06\/Modele-A4-Portrait_Martignas-1-156x220.jpg 156w, http:\/\/jalle-astro.fr\/wp\/wp-content\/uploads\/2023\/06\/Modele-A4-Portrait_Martignas-1.jpg 1240w\" sizes=\"auto, (max-width: 283px) 100vw, 283px\" \/><\/a>\n\t\t\t<\/div><\/figure>\n\t\t<\/div>\n\n<div id='gallery-3' class='gallery galleryid-430590 gallery-columns-1 gallery-size-large'><figure class='gallery-item'>\n\t\t\t<div class='gallery-icon portrait'>\n\t\t\t\t<a href='http:\/\/jalle-astro.fr\/wp\/wp-content\/uploads\/2023\/06\/Modele-2-A4-Portrait_St-Jean.jpg'><img loading=\"lazy\" decoding=\"async\" width=\"283\" height=\"400\" src=\"http:\/\/jalle-astro.fr\/wp\/wp-content\/uploads\/2023\/06\/Modele-2-A4-Portrait_St-Jean-283x400.jpg\" class=\"attachment-large size-large\" alt=\"\" srcset=\"http:\/\/jalle-astro.fr\/wp\/wp-content\/uploads\/2023\/06\/Modele-2-A4-Portrait_St-Jean-283x400.jpg 283w, http:\/\/jalle-astro.fr\/wp\/wp-content\/uploads\/2023\/06\/Modele-2-A4-Portrait_St-Jean-177x250.jpg 177w, http:\/\/jalle-astro.fr\/wp\/wp-content\/uploads\/2023\/06\/Modele-2-A4-Portrait_St-Jean-106x150.jpg 106w, http:\/\/jalle-astro.fr\/wp\/wp-content\/uploads\/2023\/06\/Modele-2-A4-Portrait_St-Jean-768x1086.jpg 768w, http:\/\/jalle-astro.fr\/wp\/wp-content\/uploads\/2023\/06\/Modele-2-A4-Portrait_St-Jean-1086x1536.jpg 1086w, http:\/\/jalle-astro.fr\/wp\/wp-content\/uploads\/2023\/06\/Modele-2-A4-Portrait_St-Jean-156x220.jpg 156w, http:\/\/jalle-astro.fr\/wp\/wp-content\/uploads\/2023\/06\/Modele-2-A4-Portrait_St-Jean.jpg 1240w\" sizes=\"auto, (max-width: 283px) 100vw, 283px\" \/><\/a>\n\t\t\t<\/div><\/figure>\n\t\t<\/div>\n\n<p>&nbsp;<\/p>\n<p><strong>Nous vous attendons \u00e0 partir de 21h30 sur les sites indiqu\u00e9s sur les flyers .<\/strong><\/p>\n<p>&nbsp;<\/p>\n<p><em>annonce pr\u00e9par\u00e9e par Michel Vidal avec le concours de Lucile et Jean-Charles pour l&rsquo;infographie<\/em><\/p>\n<div class=\"fcbkbttn_buttons_block\" id=\"fcbkbttn_left\"><div class=\"fb-share-button  \" data-href=\"http:\/\/jalle-astro.fr\/wp\/le-soleil-a-rendez-vous-avec-la-lune-le-24-juin-2023-avec-jalle-astronomie\/\" data-type=\"button\" data-size=\"small\"><\/div><\/div>","protected":false},"excerpt":{"rendered":"<p>Suite \u00e0 la F\u00caTE DU SOLEIL qui se d\u00e9roulera le 24 juin de 14h30 \u00e0 18h, sur le site de notre\u00a0 Observatoire \u00e0 Martignas-sur-jalle,\u00a0 JALLE &hellip;<\/p>\n","protected":false},"author":22,"featured_media":430592,"comment_status":"closed","ping_status":"closed","sticky":false,"template":"","format":"standard","meta":{"_monsterinsights_skip_tracking":false,"_monsterinsights_sitenote_active":false,"_monsterinsights_sitenote_note":"","_monsterinsights_sitenote_category":0,"footnotes":""},"categories":[16],"tags":[181,165],"class_list":["post-430590","post","type-post","status-publish","format-standard","has-post-thumbnail","hentry","category-manifestations","tag-lune","tag-observatoire"],"_links":{"self":[{"href":"http:\/\/jalle-astro.fr\/wp\/wp-json\/wp\/v2\/posts\/430590","targetHints":{"allow":["GET"]}}],"collection":[{"href":"http:\/\/jalle-astro.fr\/wp\/wp-json\/wp\/v2\/posts"}],"about":[{"href":"http:\/\/jalle-astro.fr\/wp\/wp-json\/wp\/v2\/types\/post"}],"author":[{"embeddable":true,"href":"http:\/\/jalle-astro.fr\/wp\/wp-json\/wp\/v2\/users\/22"}],"replies":[{"embeddable":true,"href":"http:\/\/jalle-astro.fr\/wp\/wp-json\/wp\/v2\/comments?post=430590"}],"version-history":[{"count":9,"href":"http:\/\/jalle-astro.fr\/wp\/wp-json\/wp\/v2\/posts\/430590\/revisions"}],"predecessor-version":[{"id":431517,"href":"http:\/\/jalle-astro.fr\/wp\/wp-json\/wp\/v2\/posts\/430590\/revisions\/431517"}],"wp:featuredmedia":[{"embeddable":true,"href":"http:\/\/jalle-astro.fr\/wp\/wp-json\/wp\/v2\/media\/430592"}],"wp:attachment":[{"href":"http:\/\/jalle-astro.fr\/wp\/wp-json\/wp\/v2\/media?parent=430590"}],"wp:term":[{"taxonomy":"category","embeddable":true,"href":"http:\/\/jalle-astro.fr\/wp\/wp-json\/wp\/v2\/categories?post=430590"},{"taxonomy":"post_tag","embeddable":true,"href":"http:\/\/jalle-astro.fr\/wp\/wp-json\/wp\/v2\/tags?post=430590"}],"curies":[{"name":"wp","href":"https:\/\/api.w.org\/{rel}","templated":true}]}}