{"id":429342,"date":"2022-10-10T09:14:26","date_gmt":"2022-10-10T08:14:26","guid":{"rendered":"http:\/\/jalle-astro.fr\/wp\/?p=429342"},"modified":"2023-03-03T18:41:21","modified_gmt":"2023-03-03T17:41:21","slug":"jalle-astronomie-a-fete-les-etoiles-a-themines-dans-le-lot","status":"publish","type":"post","link":"http:\/\/jalle-astro.fr\/wp\/jalle-astronomie-a-fete-les-etoiles-a-themines-dans-le-lot\/","title":{"rendered":"JALLE ASTRONOMIE a f\u00eat\u00e9 les ETOILES \u00e0 THEMINES dans le LOT"},"content":{"rendered":"<div id='gallery-1' class='gallery galleryid-429342 gallery-columns-1 gallery-size-full'><figure class='gallery-item'>\n\t\t\t<div class='gallery-icon landscape'>\n\t\t\t\t<a href='http:\/\/jalle-astro.fr\/wp\/wp-content\/uploads\/2022\/10\/banderole_Fete-des-etoiles-2022.png'><img loading=\"lazy\" decoding=\"async\" width=\"1180\" height=\"203\" src=\"http:\/\/jalle-astro.fr\/wp\/wp-content\/uploads\/2022\/10\/banderole_Fete-des-etoiles-2022.png\" class=\"attachment-full size-full\" alt=\"\" srcset=\"http:\/\/jalle-astro.fr\/wp\/wp-content\/uploads\/2022\/10\/banderole_Fete-des-etoiles-2022.png 1180w, http:\/\/jalle-astro.fr\/wp\/wp-content\/uploads\/2022\/10\/banderole_Fete-des-etoiles-2022-250x43.png 250w, http:\/\/jalle-astro.fr\/wp\/wp-content\/uploads\/2022\/10\/banderole_Fete-des-etoiles-2022-400x69.png 400w, http:\/\/jalle-astro.fr\/wp\/wp-content\/uploads\/2022\/10\/banderole_Fete-des-etoiles-2022-150x26.png 150w, http:\/\/jalle-astro.fr\/wp\/wp-content\/uploads\/2022\/10\/banderole_Fete-des-etoiles-2022-768x132.png 768w, http:\/\/jalle-astro.fr\/wp\/wp-content\/uploads\/2022\/10\/banderole_Fete-des-etoiles-2022-390x67.png 390w\" sizes=\"auto, (max-width: 1180px) 100vw, 1180px\" \/><\/a>\n\t\t\t<\/div><\/figure>\n\t\t<\/div>\n\n<p><span style=\"font-size: 14pt;\"><strong>Les 30 et 31 juillet l&rsquo;Association Culture et Patrimoine de Th\u00e9mines a organis\u00e9 \u00e0 THEMINE<\/strong><\/span>S, petit village du LOT de 216 habitants, sa premi\u00e8re F\u00caTE DES ETOILES. .<strong>JALLE ASTRONOMIE a contribu\u00e9 \u00e0 cette f\u00eate avec la participation de Michel et Genevi\u00e8ve Drogat et de Michel et Monique Vidal.<\/strong> Plusieurs t\u00e9lescopes et lunettes ont \u00e9t\u00e9 mis en \u0153uvre sur le magnifique site du moulin du Mas du Causse,\u00a0 vestige d&rsquo;un moulin \u00e0 vent datant de 1801,<br \/>\n<strong><span style=\"font-size: 14pt;\">Plus de 150 visiteurs ont particip\u00e9 \u00e0 la d\u00e9couverte du ciel,<\/span><\/strong> des constellations, des \u00e9toiles, des amas d&rsquo;\u00e9toiles, des n\u00e9buleuses\u00a0 plan\u00e9taires, des galaxies et pour les courageux apr\u00e8s minuit, et ils \u00e9taient nombreux, des plan\u00e8tes Saturne, Jupiter\u00a0 et m\u00eame Neptune.<\/p>\n<div id='gallery-2' class='gallery galleryid-429342 gallery-columns-3 gallery-size-full'><figure class='gallery-item'>\n\t\t\t<div class='gallery-icon landscape'>\n\t\t\t\t<a href='http:\/\/jalle-astro.fr\/wp\/wp-content\/uploads\/2022\/10\/20220730_211423-scaled-e1673694432643.jpg'><img loading=\"lazy\" decoding=\"async\" width=\"2000\" height=\"902\" src=\"http:\/\/jalle-astro.fr\/wp\/wp-content\/uploads\/2022\/10\/20220730_211423-scaled-e1673694432643.jpg\" class=\"attachment-full size-full\" alt=\"\" \/><\/a>\n\t\t\t<\/div><\/figure><figure class='gallery-item'>\n\t\t\t<div class='gallery-icon landscape'>\n\t\t\t\t<a href='http:\/\/jalle-astro.fr\/wp\/wp-content\/uploads\/2022\/10\/20220730_213439-e1673895624860.jpg'><img loading=\"lazy\" decoding=\"async\" width=\"1500\" height=\"676\" src=\"http:\/\/jalle-astro.fr\/wp\/wp-content\/uploads\/2022\/10\/20220730_213439-e1673895624860.jpg\" class=\"attachment-full size-full\" alt=\"\" \/><\/a>\n\t\t\t<\/div><\/figure><figure class='gallery-item'>\n\t\t\t<div class='gallery-icon landscape'>\n\t\t\t\t<a href='http:\/\/jalle-astro.fr\/wp\/wp-content\/uploads\/2022\/10\/20220731_215156.jpg'><img loading=\"lazy\" decoding=\"async\" width=\"2500\" height=\"1126\" src=\"http:\/\/jalle-astro.fr\/wp\/wp-content\/uploads\/2022\/10\/20220731_215156.jpg\" class=\"attachment-full size-full\" alt=\"\" srcset=\"http:\/\/jalle-astro.fr\/wp\/wp-content\/uploads\/2022\/10\/20220731_215156.jpg 2500w, http:\/\/jalle-astro.fr\/wp\/wp-content\/uploads\/2022\/10\/20220731_215156-250x113.jpg 250w, http:\/\/jalle-astro.fr\/wp\/wp-content\/uploads\/2022\/10\/20220731_215156-400x180.jpg 400w, http:\/\/jalle-astro.fr\/wp\/wp-content\/uploads\/2022\/10\/20220731_215156-150x68.jpg 150w, http:\/\/jalle-astro.fr\/wp\/wp-content\/uploads\/2022\/10\/20220731_215156-768x346.jpg 768w, http:\/\/jalle-astro.fr\/wp\/wp-content\/uploads\/2022\/10\/20220731_215156-1536x692.jpg 1536w, http:\/\/jalle-astro.fr\/wp\/wp-content\/uploads\/2022\/10\/20220731_215156-2048x922.jpg 2048w, http:\/\/jalle-astro.fr\/wp\/wp-content\/uploads\/2022\/10\/20220731_215156-390x176.jpg 390w\" sizes=\"auto, (max-width: 2500px) 100vw, 2500px\" \/><\/a>\n\t\t\t<\/div><\/figure>\n\t\t<\/div>\n\n<p>Beaucoup de questions ont montr\u00e9 tout l&rsquo;int\u00e9r\u00eat des visiteurs pour conna\u00eetre le ciel exceptionnel ces 2 nuits, avec une voie lact\u00e9e hyper lumineuse.<br \/>\nLe dimanche, le soleil plus que br\u00fblant a \u00e9t\u00e9 auscult\u00e9 avec du mat\u00e9riel sp\u00e9cialis\u00e9 op\u00e9r\u00e9 par les 2 Michel avec l&rsquo;observation de 2 t\u00e2ches solaires tr\u00e8s nettes et de nombreuses protub\u00e9rances\u00a0 montrant une activit\u00e9 solaire importante.<\/p>\n<div id='gallery-3' class='gallery galleryid-429342 gallery-columns-3 gallery-size-large'><figure class='gallery-item'>\n\t\t\t<div class='gallery-icon portrait'>\n\t\t\t\t<a href='http:\/\/jalle-astro.fr\/wp\/wp-content\/uploads\/2022\/10\/20220730_215208-scaled.jpg'><img loading=\"lazy\" decoding=\"async\" width=\"180\" height=\"400\" src=\"http:\/\/jalle-astro.fr\/wp\/wp-content\/uploads\/2022\/10\/20220730_215208-180x400.jpg\" class=\"attachment-large size-large\" alt=\"\" aria-describedby=\"gallery-3-429362\" srcset=\"http:\/\/jalle-astro.fr\/wp\/wp-content\/uploads\/2022\/10\/20220730_215208-180x400.jpg 180w, http:\/\/jalle-astro.fr\/wp\/wp-content\/uploads\/2022\/10\/20220730_215208-113x250.jpg 113w, http:\/\/jalle-astro.fr\/wp\/wp-content\/uploads\/2022\/10\/20220730_215208-68x150.jpg 68w, http:\/\/jalle-astro.fr\/wp\/wp-content\/uploads\/2022\/10\/20220730_215208-768x1704.jpg 768w, http:\/\/jalle-astro.fr\/wp\/wp-content\/uploads\/2022\/10\/20220730_215208-692x1536.jpg 692w, http:\/\/jalle-astro.fr\/wp\/wp-content\/uploads\/2022\/10\/20220730_215208-923x2048.jpg 923w, http:\/\/jalle-astro.fr\/wp\/wp-content\/uploads\/2022\/10\/20220730_215208-99x220.jpg 99w, http:\/\/jalle-astro.fr\/wp\/wp-content\/uploads\/2022\/10\/20220730_215208-scaled.jpg 1154w\" sizes=\"auto, (max-width: 180px) 100vw, 180px\" \/><\/a>\n\t\t\t<\/div>\n\t\t\t\t<figcaption class='wp-caption-text gallery-caption' id='gallery-3-429362'>\n\t\t\t\tMichel D. aux manettes cr\u00e9dit photo M Vidal\n\t\t\t\t<\/figcaption><\/figure><figure class='gallery-item'>\n\t\t\t<div class='gallery-icon portrait'>\n\t\t\t\t<a href='http:\/\/jalle-astro.fr\/wp\/wp-content\/uploads\/2022\/10\/image-La-Depeche.png'><img loading=\"lazy\" decoding=\"async\" width=\"184\" height=\"400\" src=\"http:\/\/jalle-astro.fr\/wp\/wp-content\/uploads\/2022\/10\/image-La-Depeche-184x400.png\" class=\"attachment-large size-large\" alt=\"\" aria-describedby=\"gallery-3-429357\" srcset=\"http:\/\/jalle-astro.fr\/wp\/wp-content\/uploads\/2022\/10\/image-La-Depeche-184x400.png 184w, http:\/\/jalle-astro.fr\/wp\/wp-content\/uploads\/2022\/10\/image-La-Depeche-115x250.png 115w, http:\/\/jalle-astro.fr\/wp\/wp-content\/uploads\/2022\/10\/image-La-Depeche-69x150.png 69w, http:\/\/jalle-astro.fr\/wp\/wp-content\/uploads\/2022\/10\/image-La-Depeche-768x1673.png 768w, http:\/\/jalle-astro.fr\/wp\/wp-content\/uploads\/2022\/10\/image-La-Depeche-705x1536.png 705w, http:\/\/jalle-astro.fr\/wp\/wp-content\/uploads\/2022\/10\/image-La-Depeche-101x220.png 101w, http:\/\/jalle-astro.fr\/wp\/wp-content\/uploads\/2022\/10\/image-La-Depeche.png 850w\" sizes=\"auto, (max-width: 184px) 100vw, 184px\" \/><\/a>\n\t\t\t<\/div>\n\t\t\t\t<figcaption class='wp-caption-text gallery-caption' id='gallery-3-429357'>\n\t\t\t\t    journal La D\u00e9p\u00eache\n\t\t\t\t<\/figcaption><\/figure><figure class='gallery-item'>\n\t\t\t<div class='gallery-icon portrait'>\n\t\t\t\t<a href='http:\/\/jalle-astro.fr\/wp\/wp-content\/uploads\/2022\/10\/20220731_163237.jpg'><img loading=\"lazy\" decoding=\"async\" width=\"180\" height=\"400\" src=\"http:\/\/jalle-astro.fr\/wp\/wp-content\/uploads\/2022\/10\/20220731_163237-180x400.jpg\" class=\"attachment-large size-large\" alt=\"\" aria-describedby=\"gallery-3-429355\" srcset=\"http:\/\/jalle-astro.fr\/wp\/wp-content\/uploads\/2022\/10\/20220731_163237-180x400.jpg 180w, http:\/\/jalle-astro.fr\/wp\/wp-content\/uploads\/2022\/10\/20220731_163237-113x250.jpg 113w, http:\/\/jalle-astro.fr\/wp\/wp-content\/uploads\/2022\/10\/20220731_163237-68x150.jpg 68w, http:\/\/jalle-astro.fr\/wp\/wp-content\/uploads\/2022\/10\/20220731_163237-768x1704.jpg 768w, http:\/\/jalle-astro.fr\/wp\/wp-content\/uploads\/2022\/10\/20220731_163237-692x1536.jpg 692w, http:\/\/jalle-astro.fr\/wp\/wp-content\/uploads\/2022\/10\/20220731_163237-99x220.jpg 99w, http:\/\/jalle-astro.fr\/wp\/wp-content\/uploads\/2022\/10\/20220731_163237.jpg 825w\" sizes=\"auto, (max-width: 180px) 100vw, 180px\" \/><\/a>\n\t\t\t<\/div>\n\t\t\t\t<figcaption class='wp-caption-text gallery-caption' id='gallery-3-429355'>\n\t\t\t\tobservation du soleil cr\u00e9dit photo M Vidal\n\t\t\t\t<\/figcaption><\/figure>\n\t\t<\/div>\n\n<p>Puis une conf\u00e9rence rafra\u00eechissante en\u00a0 salle, sur la LUNE par\u00a0 Maurice Briend du club d&rsquo;astronomie de Gramat avec ses superbes images\u00a0 permettant de s&rsquo;imaginer parmi les cha\u00eenes de montagne, les crat\u00e8res, les \u00ab\u00a0mers\u00a0\u00bb de lave volcanique, les zones d&rsquo;alunissage des cosmonautes am\u00e9ricains.<\/p>\n<div id='gallery-4' class='gallery galleryid-429342 gallery-columns-1 gallery-size-full'><figure class='gallery-item'>\n\t\t\t<div class='gallery-icon landscape'>\n\t\t\t\t<a href='http:\/\/jalle-astro.fr\/wp\/wp-content\/uploads\/2022\/10\/detail-LUNE-r.png'><img loading=\"lazy\" decoding=\"async\" width=\"1250\" height=\"882\" src=\"http:\/\/jalle-astro.fr\/wp\/wp-content\/uploads\/2022\/10\/detail-LUNE-r.png\" class=\"attachment-full size-full\" alt=\"\" srcset=\"http:\/\/jalle-astro.fr\/wp\/wp-content\/uploads\/2022\/10\/detail-LUNE-r.png 1250w, http:\/\/jalle-astro.fr\/wp\/wp-content\/uploads\/2022\/10\/detail-LUNE-r-250x176.png 250w, http:\/\/jalle-astro.fr\/wp\/wp-content\/uploads\/2022\/10\/detail-LUNE-r-400x282.png 400w, http:\/\/jalle-astro.fr\/wp\/wp-content\/uploads\/2022\/10\/detail-LUNE-r-150x106.png 150w, http:\/\/jalle-astro.fr\/wp\/wp-content\/uploads\/2022\/10\/detail-LUNE-r-768x542.png 768w, http:\/\/jalle-astro.fr\/wp\/wp-content\/uploads\/2022\/10\/detail-LUNE-r-312x220.png 312w\" sizes=\"auto, (max-width: 1250px) 100vw, 1250px\" \/><\/a>\n\t\t\t<\/div><\/figure>\n\t\t<\/div>\n\n<p>Cette premi\u00e8re F\u00eate des \u00c9toiles \u00e0 \u00e9t\u00e9 une grande r\u00e9ussite et les organisateurs vous donnent rendez-vous \u00e0\u00a0 Th\u00e9mines en 2023.<\/p>\n<p><span style=\"font-size: 14pt;\"><strong>Merci aux astronomes amateurs de JALLE ASTRONOMIE de Martignas-sur-jalle\u00a0 (33) et de Gramat (46) pour l&rsquo;aide gracieusement apport\u00e9e avec la mise \u00e0 disposition des t\u00e9lescopes et les explications sur les beaut\u00e9s du ciel, qui nous a fait le tr\u00e8s grand plaisir d&rsquo;\u00eatre parfaitement clair ces 2 nuits.<\/strong><\/span><\/p>\n<div class=\"fcbkbttn_buttons_block\" id=\"fcbkbttn_left\"><div class=\"fb-share-button  \" data-href=\"http:\/\/jalle-astro.fr\/wp\/jalle-astronomie-a-fete-les-etoiles-a-themines-dans-le-lot\/\" data-type=\"button\" data-size=\"small\"><\/div><\/div>","protected":false},"excerpt":{"rendered":"<p>Les 30 et 31 juillet l&rsquo;Association Culture et Patrimoine de Th\u00e9mines a organis\u00e9 \u00e0 THEMINES, petit village du LOT de 216 habitants, sa premi\u00e8re F\u00caTE &hellip;<\/p>\n","protected":false},"author":22,"featured_media":429351,"comment_status":"closed","ping_status":"closed","sticky":false,"template":"","format":"standard","meta":{"_monsterinsights_skip_tracking":false,"_monsterinsights_sitenote_active":false,"_monsterinsights_sitenote_note":"","_monsterinsights_sitenote_category":0,"footnotes":""},"categories":[267],"tags":[181,269],"class_list":["post-429342","post","type-post","status-publish","format-standard","has-post-thumbnail","hentry","category-animation","tag-lune","tag-observation"],"_links":{"self":[{"href":"http:\/\/jalle-astro.fr\/wp\/wp-json\/wp\/v2\/posts\/429342","targetHints":{"allow":["GET"]}}],"collection":[{"href":"http:\/\/jalle-astro.fr\/wp\/wp-json\/wp\/v2\/posts"}],"about":[{"href":"http:\/\/jalle-astro.fr\/wp\/wp-json\/wp\/v2\/types\/post"}],"author":[{"embeddable":true,"href":"http:\/\/jalle-astro.fr\/wp\/wp-json\/wp\/v2\/users\/22"}],"replies":[{"embeddable":true,"href":"http:\/\/jalle-astro.fr\/wp\/wp-json\/wp\/v2\/comments?post=429342"}],"version-history":[{"count":9,"href":"http:\/\/jalle-astro.fr\/wp\/wp-json\/wp\/v2\/posts\/429342\/revisions"}],"predecessor-version":[{"id":429366,"href":"http:\/\/jalle-astro.fr\/wp\/wp-json\/wp\/v2\/posts\/429342\/revisions\/429366"}],"wp:featuredmedia":[{"embeddable":true,"href":"http:\/\/jalle-astro.fr\/wp\/wp-json\/wp\/v2\/media\/429351"}],"wp:attachment":[{"href":"http:\/\/jalle-astro.fr\/wp\/wp-json\/wp\/v2\/media?parent=429342"}],"wp:term":[{"taxonomy":"category","embeddable":true,"href":"http:\/\/jalle-astro.fr\/wp\/wp-json\/wp\/v2\/categories?post=429342"},{"taxonomy":"post_tag","embeddable":true,"href":"http:\/\/jalle-astro.fr\/wp\/wp-json\/wp\/v2\/tags?post=429342"}],"curies":[{"name":"wp","href":"https:\/\/api.w.org\/{rel}","templated":true}]}}