{"id":429227,"date":"2022-07-29T17:20:35","date_gmt":"2022-07-29T16:20:35","guid":{"rendered":"http:\/\/jalle-astro.fr\/wp\/?p=429227"},"modified":"2023-03-05T11:59:47","modified_gmt":"2023-03-05T10:59:47","slug":"nuits-des-etoiles-2022","status":"publish","type":"post","link":"http:\/\/jalle-astro.fr\/wp\/nuits-des-etoiles-2022\/","title":{"rendered":"Nuits des \u00e9toiles 2022"},"content":{"rendered":"<h3>Venez participer aux NUITS DES \u00c9TOILES 2022<\/h3>\n<p>Jalle Astronomie a le plaisir de vous inviter aux Nuits des \u00e9toiles 2022<\/p>\n<p>Nous vous accueillerons sur 3 sites :<\/p>\n<ul>\n<li>Vendredi 5 ao\u00fbt en d\u00e9but de nuit \u00e0 St M\u00e9dard-en-Jalles<\/li>\n<li>Samedi 6 ao\u00fbt en apr\u00e8s midi et nuit \u00e0 Martignas sur Jalle<\/li>\n<li>Dimanche 7 ao\u00fbt en apr\u00e8s-midi et nuit \u00e0 Pessac Le Bourgailh.<\/li>\n<\/ul>\n<h4>DEROULE DES ANIMATIONS<\/h4>\n<p><strong># Vendredi 5 ao\u00fbt sur le site de la plaine des Sports des Biges \u00e0 ST M\u00e9dard-en-Jalles, \u00e0 partir de 21h00,<\/strong> avec les activit\u00e9s suivantes :<\/p>\n<ul>\n<li style=\"list-style-type: none;\">\n<ul>\n<li>Observation nocturne du ciel\u00a0 \u00e0 partir de 21 h (amas d\u2019\u00e9toiles, \u00e9toiles doubles \u2026) gr\u00e2ce \u00e0 divers t\u00e9lescopes et lunettes astronomiques<\/li>\n<li>\u00a0Animations par l\u2019Association Ecosite du Bourgailh avec deux stands: Insectes Nocturnes, D\u00e9couverte des Chauves-Souris<\/li>\n<li>Projection d&rsquo;un film \u00ab\u00a0Les constellations nous racontent\u00a0\u00bb<\/li>\n<\/ul>\n<\/li>\n<\/ul>\n<p>&nbsp;<\/p>\n<p><strong># Samedi 6 ao\u00fbt sur le site parc des Sports et Loisirs Colette Besson \u00e0 Martignas sur Jalle, en apr\u00e8s-midi \u00e0 partir de 14h30 pour les ateliers enfants, puis le soir \u00e0 partir de 21 h <\/strong>pour les observations du ciel et les animations nature :<\/p>\n<ul>\n<li>\n<ul>\n<li>Ateliers enfants \u00ab Fus\u00e9es \u00e0 comprim\u00e9s effervescents \u00bb (4-6 ans), Fus\u00e9es \u00e0 eau (7-12 ans), Cadrans solaires (7-9 ans).<\/li>\n<\/ul>\n<\/li>\n<\/ul>\n<p style=\"padding-left: 80px;\">Ces ateliers seront organis\u00e9s par cr\u00e9neaux de d&rsquo;1 heure chacun, avec 8 enfants par atelier, les billets d\u2019acc\u00e8s \u00e9tant d\u00e9livr\u00e9s \u00e0 l\u2019accueil 15 mn avant chaque atelier. Seul l\u2019atelier \u2018\u2019Fus\u00e9es \u00e0 comprim\u00e9s effervescents\u2019\u2019 pourra accueillir des parents accompagnants.<\/p>\n<p style=\"padding-left: 80px;\"><a href=\"http:\/\/jalle-astro.fr\/wp\/wp-content\/uploads\/2021\/07\/image-fusee-a-eau-r.png\"><img loading=\"lazy\" decoding=\"async\" class=\"aligncenter size-full wp-image-9697\" src=\"http:\/\/jalle-astro.fr\/wp\/wp-content\/uploads\/2021\/07\/image-fusee-a-eau-r.png\" alt=\"\" width=\"640\" height=\"356\" srcset=\"http:\/\/jalle-astro.fr\/wp\/wp-content\/uploads\/2021\/07\/image-fusee-a-eau-r.png 640w, http:\/\/jalle-astro.fr\/wp\/wp-content\/uploads\/2021\/07\/image-fusee-a-eau-r-620x345.png 620w\" sizes=\"auto, (max-width: 640px) 100vw, 640px\" \/><\/a><\/p>\n<ul>\n<li>Observation Solaire, avec visualisation du soleil en vision direct \u00e0 l&rsquo;oculaire ou sur \u00e9cran.<\/li>\n<li>Observation nocturne \u00e0 partir de 21 h (amas d\u2019\u00e9toiles, \u00e9toiles doubles \u2026) gr\u00e2ce \u00e0 divers t\u00e9lescopes et lunettes astronomiques<\/li>\n<li>Projection d&rsquo;un film \u00ab\u00a0Les constellations nous racontent\u00a0\u00bb<\/li>\n<li>Animation nature par l\u2019Association Ecosite du Bourgailh.<\/li>\n<\/ul>\n<p>&nbsp;<\/p>\n<p><strong># Dimanche 7 ao\u00fbt \u00e0 l\u2019Ecosite du Bourgailh \u00e0 Pessac, en apr\u00e8s-midi \u00e0 partir de 14h pour les animations enfants puis le soir \u00e0 partir de 21h pour les observations du ciel et les animations nature.<\/strong><br \/>\nPour le d\u00e9tail des animations et sa programmation, nous vous remercions de consulter le <strong><a href=\"https:\/\/www.bourgailh-pessac.fr\/venez-profiter-de-la-nuit-des-etoiles-au-bourgailh-le-dimanche-7-aout-2022-de-14h-a-minuit\/\" target=\"_blank\" rel=\"noopener\">site web de l\u2019Association Ecosite du Bourgailh<\/a><\/strong>.<\/p>\n<p>&nbsp;<\/p>\n<blockquote><p>C\u2019est avec un tr\u00e8s grand plaisir que les membres de JALLE ASTRONOMIE vous accueilleront lors de ces 3 NUITS DES ETOILES, une manifestation de l\u2019ASSOCIATION FRANCAISE D\u2019ASTRONOMIE (AFA), en partenariat avec le Minist\u00e8re de la Transition Ecologique, le Minist\u00e8re de l\u2019Enseignement Sup\u00e9rieur de la Recherche et de l\u2019Innovation et le Centre National d\u2019Etudes Spatiales (CNES).<\/p><\/blockquote>\n<p>&nbsp;<\/p>\n<p>&nbsp;<\/p>\n<p><img loading=\"lazy\" decoding=\"async\" class=\"aligncenter wp-image-429229 size-full\" src=\"http:\/\/jalle-astro.fr\/wp\/wp-content\/uploads\/2022\/07\/JA_NDE-2022_Paysage.jpg\" alt=\"\" width=\"1754\" height=\"1240\" \/><\/p>\n<div class=\"fcbkbttn_buttons_block\" id=\"fcbkbttn_left\"><div class=\"fb-share-button  \" data-href=\"http:\/\/jalle-astro.fr\/wp\/nuits-des-etoiles-2022\/\" data-type=\"button\" data-size=\"small\"><\/div><\/div>","protected":false},"excerpt":{"rendered":"<p>Venez participer aux NUITS DES \u00c9TOILES 2022 Jalle Astronomie a le plaisir de vous inviter aux Nuits des \u00e9toiles 2022 Nous vous accueillerons sur 3 &hellip;<\/p>\n","protected":false},"author":18,"featured_media":429229,"comment_status":"closed","ping_status":"closed","sticky":false,"template":"","format":"standard","meta":{"_monsterinsights_skip_tracking":false,"_monsterinsights_sitenote_active":false,"_monsterinsights_sitenote_note":"","_monsterinsights_sitenote_category":0,"footnotes":""},"categories":[16],"tags":[67],"class_list":["post-429227","post","type-post","status-publish","format-standard","has-post-thumbnail","hentry","category-manifestations","tag-nuit-des-etoiles"],"_links":{"self":[{"href":"http:\/\/jalle-astro.fr\/wp\/wp-json\/wp\/v2\/posts\/429227","targetHints":{"allow":["GET"]}}],"collection":[{"href":"http:\/\/jalle-astro.fr\/wp\/wp-json\/wp\/v2\/posts"}],"about":[{"href":"http:\/\/jalle-astro.fr\/wp\/wp-json\/wp\/v2\/types\/post"}],"author":[{"embeddable":true,"href":"http:\/\/jalle-astro.fr\/wp\/wp-json\/wp\/v2\/users\/18"}],"replies":[{"embeddable":true,"href":"http:\/\/jalle-astro.fr\/wp\/wp-json\/wp\/v2\/comments?post=429227"}],"version-history":[{"count":4,"href":"http:\/\/jalle-astro.fr\/wp\/wp-json\/wp\/v2\/posts\/429227\/revisions"}],"predecessor-version":[{"id":430028,"href":"http:\/\/jalle-astro.fr\/wp\/wp-json\/wp\/v2\/posts\/429227\/revisions\/430028"}],"wp:featuredmedia":[{"embeddable":true,"href":"http:\/\/jalle-astro.fr\/wp\/wp-json\/wp\/v2\/media\/429229"}],"wp:attachment":[{"href":"http:\/\/jalle-astro.fr\/wp\/wp-json\/wp\/v2\/media?parent=429227"}],"wp:term":[{"taxonomy":"category","embeddable":true,"href":"http:\/\/jalle-astro.fr\/wp\/wp-json\/wp\/v2\/categories?post=429227"},{"taxonomy":"post_tag","embeddable":true,"href":"http:\/\/jalle-astro.fr\/wp\/wp-json\/wp\/v2\/tags?post=429227"}],"curies":[{"name":"wp","href":"https:\/\/api.w.org\/{rel}","templated":true}]}}