{"id":1641,"date":"2013-07-26T21:02:06","date_gmt":"2013-07-26T20:02:06","guid":{"rendered":"http:\/\/jalle-astro.fr\/wp\/?p=1641"},"modified":"2013-08-13T08:51:16","modified_gmt":"2013-08-13T07:51:16","slug":"les-nuits-des-etoiles-2013","status":"publish","type":"post","link":"http:\/\/jalle-astro.fr\/wp\/les-nuits-des-etoiles-2013\/","title":{"rendered":"<!--:fr-->Les nuits des \u00e9toiles 2013<!--:-->"},"content":{"rendered":"<p><!--:fr-->Les nuits des \u00e9toiles 2013 auront lieu les 9, 10 et 11 ao\u00fbt. Il s\u2019agira de la 23\u00e8me \u00e9dition \u00e0 laquelle, Jalle Astronomie participera sur les sites de :<\/p>\n<ul>\n<li>Saint-Jean d\u2019Illac, \u00e0 la plaine des sports, le 9 ao\u00fbt,<\/li>\n<li>Martignas sur Jalle, \u00e0 la plaine des sports \u00ab Colette Besson \u00bb, le 10 ao\u00fbt,<\/li>\n<li>Pessac \u00e0 l\u2019\u00e9cosite du Bougalih, le 11 ao\u00fbt.<\/li>\n<\/ul>\n<p>Pour chacune des trois soir\u00e9es, les astronomes amateurs de Jalle Astronomie auront le plaisir de vous accueillir et de vous guider pour d\u00e9couvrir et contempler le ciel \u00e9toil\u00e9.<br \/>\n<!--:--><!--more--><!--:fr--><br \/>\nIl y aura au moins quinze p\u00f4les d\u2019observation dont des lunettes ainsi que des t\u00e9lescopes de tous types dont certains r\u00e9alis\u00e9s par des membres du club.<br \/>\nPlusieurs postes seront d\u00e9di\u00e9s \u00e0 l\u2019astrophotographie et vous pourrez d\u00e9couvrir la cha\u00eene compl\u00e8te en la mati\u00e8re, de l\u2019acquisition au traitement final d\u2019objets du ciel profond.<\/p>\n<p>Ces soir\u00e9es sont ouvertes gratuitement et s\u2019adressent \u00e0 tous, petits et grands, amateurs ou non en astronomie. Les observations d\u00e9butent \u00e0 la tomb\u00e9e de la nuit, soit vers 22 h 00, mais vous pouvez venir un peu plus t\u00f4t pour assister \u00e0 la mise en place des \u00e9quipements d\u2019observation.<\/p>\n<p>Cette ann\u00e9e, Saturne et ses anneaux seront visibles en toute premi\u00e8re partie de s\u00e9ance.<\/p>\n<p>Pour chacune de ces soir\u00e9es, seront mis \u00e0 disposition du public :<\/p>\n<ul>\n<li>un poste d&rsquo;observation accessible aux personnes \u00e0 mobilit\u00e9 r\u00e9duite.<\/li>\n<li>une sph\u00e8re tactile pour personnes d\u00e9ficientes visuelles avec transcription du nom des constellations en braille.<\/li>\n<\/ul>\n<p>Venez nombreux d\u00e9couvrir les merveilles du ciel \u00e9toil\u00e9 et partager notre passion : l&rsquo;astronomie.<!--:--><\/p>\n<div class=\"fcbkbttn_buttons_block\" id=\"fcbkbttn_left\"><div class=\"fb-share-button  \" data-href=\"http:\/\/jalle-astro.fr\/wp\/les-nuits-des-etoiles-2013\/\" data-type=\"button\" data-size=\"small\"><\/div><\/div>","protected":false},"excerpt":{"rendered":"<p>Les nuits des \u00e9toiles 2013 auront lieu les 9, 10 et 11 ao\u00fbt. Il s\u2019agira de la 23\u00e8me \u00e9dition \u00e0 laquelle, Jalle Astronomie participera sur &hellip;<\/p>\n","protected":false},"author":15,"featured_media":1647,"comment_status":"closed","ping_status":"closed","sticky":false,"template":"","format":"standard","meta":{"_monsterinsights_skip_tracking":false,"_monsterinsights_sitenote_active":false,"_monsterinsights_sitenote_note":"","_monsterinsights_sitenote_category":0,"footnotes":""},"categories":[16],"tags":[67],"class_list":["post-1641","post","type-post","status-publish","format-standard","has-post-thumbnail","hentry","category-manifestations","tag-nuit-des-etoiles"],"_links":{"self":[{"href":"http:\/\/jalle-astro.fr\/wp\/wp-json\/wp\/v2\/posts\/1641","targetHints":{"allow":["GET"]}}],"collection":[{"href":"http:\/\/jalle-astro.fr\/wp\/wp-json\/wp\/v2\/posts"}],"about":[{"href":"http:\/\/jalle-astro.fr\/wp\/wp-json\/wp\/v2\/types\/post"}],"author":[{"embeddable":true,"href":"http:\/\/jalle-astro.fr\/wp\/wp-json\/wp\/v2\/users\/15"}],"replies":[{"embeddable":true,"href":"http:\/\/jalle-astro.fr\/wp\/wp-json\/wp\/v2\/comments?post=1641"}],"version-history":[{"count":11,"href":"http:\/\/jalle-astro.fr\/wp\/wp-json\/wp\/v2\/posts\/1641\/revisions"}],"predecessor-version":[{"id":106186,"href":"http:\/\/jalle-astro.fr\/wp\/wp-json\/wp\/v2\/posts\/1641\/revisions\/106186"}],"wp:featuredmedia":[{"embeddable":true,"href":"http:\/\/jalle-astro.fr\/wp\/wp-json\/wp\/v2\/media\/1647"}],"wp:attachment":[{"href":"http:\/\/jalle-astro.fr\/wp\/wp-json\/wp\/v2\/media?parent=1641"}],"wp:term":[{"taxonomy":"category","embeddable":true,"href":"http:\/\/jalle-astro.fr\/wp\/wp-json\/wp\/v2\/categories?post=1641"},{"taxonomy":"post_tag","embeddable":true,"href":"http:\/\/jalle-astro.fr\/wp\/wp-json\/wp\/v2\/tags?post=1641"}],"curies":[{"name":"wp","href":"https:\/\/api.w.org\/{rel}","templated":true}]}}