{"id":10181,"date":"2021-10-20T16:32:59","date_gmt":"2021-10-20T15:32:59","guid":{"rendered":"http:\/\/jalle-astro.fr\/wp\/?p=10181"},"modified":"2023-03-04T00:13:52","modified_gmt":"2023-03-03T23:13:52","slug":"zoom-sur-galerie-dastrophotographies","status":"publish","type":"post","link":"http:\/\/jalle-astro.fr\/wp\/zoom-sur-galerie-dastrophotographies\/","title":{"rendered":"ZOOM  \u00ab\u00a0exposition d&rsquo;astrophotographies\u00a0\u00bb"},"content":{"rendered":"<p>Pour c\u00e9l\u00e9brer les 30 ans de la F\u00caTE DE LA SCIENCE, JALLE ASTRONOMIE a organis\u00e9 une exposition d\u2019astrophotographies r\u00e9alis\u00e9es par les membres de l\u2019association, Salle Claude Monet \u00e0 Martignas.<br \/>\nDeux\u00a0 types de supports ont \u00e9t\u00e9 utilis\u00e9s pour l\u2019exposition, des kakemonos et des images murales, permettant de pr\u00e9senter plusieurs types de photos.<\/p>\n<div id='gallery-1' class='gallery galleryid-10181 gallery-columns-3 gallery-size-full'><figure class='gallery-item'>\n\t\t\t<div class='gallery-icon portrait'>\n\t\t\t\t<a href='http:\/\/jalle-astro.fr\/wp\/wp-content\/uploads\/2021\/10\/image-galerie-1.jpg'><img loading=\"lazy\" decoding=\"async\" width=\"267\" height=\"640\" src=\"http:\/\/jalle-astro.fr\/wp\/wp-content\/uploads\/2021\/10\/image-galerie-1.jpg\" class=\"attachment-full size-full\" alt=\"\" \/><\/a>\n\t\t\t<\/div><\/figure><figure class='gallery-item'>\n\t\t\t<div class='gallery-icon portrait'>\n\t\t\t\t<a href='http:\/\/jalle-astro.fr\/wp\/wp-content\/uploads\/2021\/10\/image-galerie-2.jpg'><img loading=\"lazy\" decoding=\"async\" width=\"277\" height=\"640\" src=\"http:\/\/jalle-astro.fr\/wp\/wp-content\/uploads\/2021\/10\/image-galerie-2.jpg\" class=\"attachment-full size-full\" alt=\"\" \/><\/a>\n\t\t\t<\/div><\/figure><figure class='gallery-item'>\n\t\t\t<div class='gallery-icon portrait'>\n\t\t\t\t<a href='http:\/\/jalle-astro.fr\/wp\/wp-content\/uploads\/2021\/10\/image-galerie-3.jpg'><img loading=\"lazy\" decoding=\"async\" width=\"285\" height=\"640\" src=\"http:\/\/jalle-astro.fr\/wp\/wp-content\/uploads\/2021\/10\/image-galerie-3.jpg\" class=\"attachment-full size-full\" alt=\"\" \/><\/a>\n\t\t\t<\/div><\/figure>\n\t\t<\/div>\n\n<p>Le nombreux public a appr\u00e9ci\u00e9 la qualit\u00e9 des superbes photographies expos\u00e9es soulignant la ma\u00eetrise des astrophotographes de Jalle Astronomie.<br \/>\n<a href=\"http:\/\/jalle-astro.fr\/wp\/wp-content\/uploads\/2021\/10\/pave-6-images-.png\"><img loading=\"lazy\" decoding=\"async\" class=\"aligncenter wp-image-10193 size-full\" src=\"http:\/\/jalle-astro.fr\/wp\/wp-content\/uploads\/2021\/10\/pave-6-images-.png\" alt=\"\" width=\"1003\" height=\"440\" srcset=\"http:\/\/jalle-astro.fr\/wp\/wp-content\/uploads\/2021\/10\/pave-6-images-.png 1003w, http:\/\/jalle-astro.fr\/wp\/wp-content\/uploads\/2021\/10\/pave-6-images--620x272.png 620w, http:\/\/jalle-astro.fr\/wp\/wp-content\/uploads\/2021\/10\/pave-6-images--920x404.png 920w, http:\/\/jalle-astro.fr\/wp\/wp-content\/uploads\/2021\/10\/pave-6-images--768x337.png 768w\" sizes=\"auto, (max-width: 1003px) 100vw, 1003px\" \/><\/a><\/p>\n<p>Les photographes astronomes pr\u00e9sents ont expliqu\u00e9 leurs techniques de prise de vue ainsi que les diverses techniques de traitement des images, permettant au public de se rendre compte la m\u00e9thodologie tr\u00e8s pointue pour obtenir un tel niveau de qualit\u00e9.<\/p>\n<p>Nous remercions vivement les astrophotographes ainsi que tous ceux qui ont contribu\u00e9 \u00e0 la r\u00e9ussite de cette magnifique exposition.<\/p>\n<div class=\"fcbkbttn_buttons_block\" id=\"fcbkbttn_left\"><div class=\"fb-share-button  \" data-href=\"http:\/\/jalle-astro.fr\/wp\/zoom-sur-galerie-dastrophotographies\/\" data-type=\"button\" data-size=\"small\"><\/div><\/div>","protected":false},"excerpt":{"rendered":"<p>Pour c\u00e9l\u00e9brer les 30 ans de la F\u00caTE DE LA SCIENCE, JALLE ASTRONOMIE a organis\u00e9 une exposition d\u2019astrophotographies r\u00e9alis\u00e9es par les membres de l\u2019association, Salle &hellip;<\/p>\n","protected":false},"author":22,"featured_media":10199,"comment_status":"closed","ping_status":"closed","sticky":false,"template":"","format":"standard","meta":{"_monsterinsights_skip_tracking":false,"_monsterinsights_sitenote_active":false,"_monsterinsights_sitenote_note":"","_monsterinsights_sitenote_category":0,"footnotes":""},"categories":[3],"tags":[224],"class_list":["post-10181","post","type-post","status-publish","format-standard","has-post-thumbnail","hentry","category-astrophoto","tag-exposition"],"_links":{"self":[{"href":"http:\/\/jalle-astro.fr\/wp\/wp-json\/wp\/v2\/posts\/10181","targetHints":{"allow":["GET"]}}],"collection":[{"href":"http:\/\/jalle-astro.fr\/wp\/wp-json\/wp\/v2\/posts"}],"about":[{"href":"http:\/\/jalle-astro.fr\/wp\/wp-json\/wp\/v2\/types\/post"}],"author":[{"embeddable":true,"href":"http:\/\/jalle-astro.fr\/wp\/wp-json\/wp\/v2\/users\/22"}],"replies":[{"embeddable":true,"href":"http:\/\/jalle-astro.fr\/wp\/wp-json\/wp\/v2\/comments?post=10181"}],"version-history":[{"count":13,"href":"http:\/\/jalle-astro.fr\/wp\/wp-json\/wp\/v2\/posts\/10181\/revisions"}],"predecessor-version":[{"id":429923,"href":"http:\/\/jalle-astro.fr\/wp\/wp-json\/wp\/v2\/posts\/10181\/revisions\/429923"}],"wp:featuredmedia":[{"embeddable":true,"href":"http:\/\/jalle-astro.fr\/wp\/wp-json\/wp\/v2\/media\/10199"}],"wp:attachment":[{"href":"http:\/\/jalle-astro.fr\/wp\/wp-json\/wp\/v2\/media?parent=10181"}],"wp:term":[{"taxonomy":"category","embeddable":true,"href":"http:\/\/jalle-astro.fr\/wp\/wp-json\/wp\/v2\/categories?post=10181"},{"taxonomy":"post_tag","embeddable":true,"href":"http:\/\/jalle-astro.fr\/wp\/wp-json\/wp\/v2\/tags?post=10181"}],"curies":[{"name":"wp","href":"https:\/\/api.w.org\/{rel}","templated":true}]}}